{"id":68337,"date":"2024-05-13T21:03:26","date_gmt":"2024-05-14T03:03:26","guid":{"rendered":"https:\/\/zonaroja.com.mx\/?p=68337"},"modified":"2024-05-13T21:12:02","modified_gmt":"2024-05-14T03:12:02","slug":"registra-el-istmo-de-tehuantepec-tres-homicidios-este-lunes","status":"publish","type":"post","link":"https:\/\/zonaroja.com.mx\/?p=68337","title":{"rendered":"Registra el Istmo de Tehuantepec tres homicidios este lunes"},"content":{"rendered":"\n<p>Raymundo Morales\/Zona Roja. Foto: ADN Sureste.<\/p>\n\n\n\n<p>Oaxaca de Ju\u00e1rez, Oax., a 13 de mayo de 2024.- Al menos tres personas perdieron la vida en municipios de la regi\u00f3n del Istmo de Tehuantepec, una de ellas por lesiones provocadas por un machete.<\/p>\n\n\n\n<p>En un domicilio de la calle Libertad de la S\u00e9ptima Secci\u00f3n, en el municipio de Juchit\u00e1n de Zaragoza, fue ultimado un individuo de aproximadamente 72 a\u00f1os de edad.<\/p>\n\n\n\n<p>Uno o varios sujetos le propinaron diversos golpes con un machete, tras lo cual huyeron; la v\u00edctima fue identificada como Esteban M. M., y a\u00fan se desconocen los motivos del crimen.<\/p>\n\n\n\n<p>Mientras que en un basurero del municipio de Salina Cruz, fue hallado un cuerpo sin vida, envuelto en s\u00e1bana, con impactos de arma de fuego y huellas de tortura.<\/p>\n\n\n\n<p>El tiradero se ubica en la agencia de Bah\u00eda La Ventosa y de la v\u00edctima a\u00fan se desconoce su identidad, pues los familiares no se han presentado a reclamar el cuerpo.<\/p>\n\n\n\n<p>Tambi\u00e9n en Salina Cruz, pero en el interior de una vivienda de la colonia Morelos, fue hallado un cuerpo sin vida y en estado de putrefacci\u00f3n.<\/p>\n\n\n\n<p>Debido al avanzado estado de descomposici\u00f3n, a\u00fan no se cuentan con datos precisos acerca de la identidad de la persona ni la forma en que muri\u00f3, por lo cual la Vicefiscal\u00eda Regional del Istmo profundiza en las investigaciones.<\/p>\n\n\n\n<p>En los tres casos las autoridades policiacas no reportan la detenci\u00f3n de personas relacionadas con estos delitos de homicidio.<\/p>\n","protected":false},"excerpt":{"rendered":"<p>Raymundo Morales\/Zona Roja. Foto: ADN Sureste. Oaxaca de Ju\u00e1rez, Oax., a 13 de mayo de&hellip;<\/p>\n","protected":false},"author":2,"featured_media":68338,"comment_status":"closed","ping_status":"open","sticky":false,"template":"","format":"standard","meta":{"_lmt_disableupdate":"","_lmt_disable":"","_jetpack_memberships_contains_paid_content":false,"footnotes":""},"categories":[109,51],"tags":[123,168],"class_list":["post-68337","post","type-post","status-publish","format-standard","has-post-thumbnail","hentry","category-minuto-a-minuto","category-zona-roja","tag-juchitan-de-zaragoza","tag-salina-cruz"],"jetpack_featured_media_url":"https:\/\/zonaroja.com.mx\/wp-content\/uploads\/2024\/05\/Asesinado-basurero-Salina-Cruz.jpg","jetpack_sharing_enabled":true,"_links":{"self":[{"href":"https:\/\/zonaroja.com.mx\/index.php?rest_route=\/wp\/v2\/posts\/68337","targetHints":{"allow":["GET"]}}],"collection":[{"href":"https:\/\/zonaroja.com.mx\/index.php?rest_route=\/wp\/v2\/posts"}],"about":[{"href":"https:\/\/zonaroja.com.mx\/index.php?rest_route=\/wp\/v2\/types\/post"}],"author":[{"embeddable":true,"href":"https:\/\/zonaroja.com.mx\/index.php?rest_route=\/wp\/v2\/users\/2"}],"replies":[{"embeddable":true,"href":"https:\/\/zonaroja.com.mx\/index.php?rest_route=%2Fwp%2Fv2%2Fcomments&post=68337"}],"version-history":[{"count":3,"href":"https:\/\/zonaroja.com.mx\/index.php?rest_route=\/wp\/v2\/posts\/68337\/revisions"}],"predecessor-version":[{"id":68341,"href":"https:\/\/zonaroja.com.mx\/index.php?rest_route=\/wp\/v2\/posts\/68337\/revisions\/68341"}],"wp:featuredmedia":[{"embeddable":true,"href":"https:\/\/zonaroja.com.mx\/index.php?rest_route=\/wp\/v2\/media\/68338"}],"wp:attachment":[{"href":"https:\/\/zonaroja.com.mx\/index.php?rest_route=%2Fwp%2Fv2%2Fmedia&parent=68337"}],"wp:term":[{"taxonomy":"category","embeddable":true,"href":"https:\/\/zonaroja.com.mx\/index.php?rest_route=%2Fwp%2Fv2%2Fcategories&post=68337"},{"taxonomy":"post_tag","embeddable":true,"href":"https:\/\/zonaroja.com.mx\/index.php?rest_route=%2Fwp%2Fv2%2Ftags&post=68337"}],"curies":[{"name":"wp","href":"https:\/\/api.w.org\/{rel}","templated":true}]}}