{"id":68345,"date":"2024-05-14T07:11:30","date_gmt":"2024-05-14T13:11:30","guid":{"rendered":"https:\/\/zonaroja.com.mx\/?p=68345"},"modified":"2024-05-14T08:06:06","modified_gmt":"2024-05-14T14:06:06","slug":"baja-tribunal-de-contienda-a-candidatos-de-salina-cruz-y-santa-cruz-amilpas","status":"publish","type":"post","link":"https:\/\/zonaroja.com.mx\/?p=68345","title":{"rendered":"Baja Tribunal de contienda a candidatos de Salina Cruz y San Jacinto Amilpas"},"content":{"rendered":"\n<p>Redacci\u00f3n\/Zona Roja.&nbsp;<\/p>\n\n\n\n<p>Oaxaca de Ju\u00e1rez, Oax., a 14 de mayo de 2024.- El Tribunal Electoral del Estado de Oaxaca (TEEO) revoc\u00f3 los acuerdos impugnados y orden\u00f3 al Consejo General del Instituto Estatal Local, requiera al Partido Verde Ecologista de M\u00e9xico y al Partido del Trabajo para que procedan a sustituir las candidaturas revocadas.<\/p>\n\n\n\n<p>En el primero que postulaba a Gabriela Adriana D\u00edaz P\u00e9rez como primera concejal propietaria del ayuntamiento de San Jacinto Amilpas, en el segundo, a Daniel M\u00e9ndez Sosa como primer concejal propietario para el ayuntamiento de<\/p>\n\n\n\n<p>Salina Cruz.<\/p>\n\n\n\n<p>Esta resoluci\u00f3n refiere que el IEEPCO no analiz\u00f3 de manera exhaustiva los documentos presentados por los partidos Verde Ecologista de M\u00e9xico y del<\/p>\n\n\n\n<p>Trabajo, al evaluar el registro de las candidaturas.&nbsp;<\/p>\n\n\n\n<p>No se percat\u00f3 de que se trataba de personas que buscaban la reelecci\u00f3n o elecci\u00f3n consecutiva, y por lo tanto no verific\u00f3 el cumplimiento del requisito de renunciar a la militancia antes de la mitad del mandato, como lo establece la Constituci\u00f3n General y la legislaci\u00f3n secundaria.<\/p>\n\n\n\n<p>Adem\u00e1s, expuso que las personas candidatas, terceros interesados ante esta instancia, no lograron demostrar que hab\u00edan perdido o renunciado a su militancia a Morena antes de la mitad de su mandato.<\/p>\n\n\n\n<p>EN HUAJOLOTITL\u00c1N<\/p>\n\n\n\n<p>Tambi\u00e9n el Tribunal revoc\u00f3 el acuerdo del Consejo General del IEEPCO, que valid\u00f3 el registro de la ciudadana Sarah\u00fa Pe\u00f1aloza L\u00f3pez, postulada por el Partido del Trabajo (PT) como candidata a la primera concejal\u00eda del municipio Santiago Huajolotitl\u00e1n; ya que no expuso, de manera exhaustiva, el padecimiento que le permita ser postulada a trav\u00e9s la acci\u00f3n afirmativa de una persona con discapacidad.<\/p>\n\n\n\n<p>Mediante la resoluci\u00f3n del juicio ciudadano con clave: JDC\/197\/2024, se\u00f1al\u00f3 que, en el referido registro, el PT present\u00f3 un certificado m\u00e9dico expedido por un consultorio m\u00e9dico de Huajuapan de Le\u00f3n, que establece que la aspirante padece \u201cdiscapacidad visual degenerativa\u201d.<\/p>\n\n\n\n<p>El Tribunal advirti\u00f3 que este documento no precisa exactamente el padecimiento de la ciudadana.<\/p>\n\n\n\n<p>Aunado a ello, expuso que el IEEPCO fue omiso en verificar que efectivamente la candidata padece una discapacidad, aunado que el acuerdo del Consejo General impugnado no expone de manera exhaustiva porque consider\u00f3 oportuna la discapacidad visual de la referida candidata.<\/p>\n\n\n\n<p>En consecuencia, el pleno de este \u00f3rgano jurisdiccional orden\u00f3 al IEEPCO y al PT procedan a sustituir la referida candidatura.<\/p>\n\n\n\n<p>CONFIRMA DIPUTACI\u00d3N<\/p>\n\n\n\n<p>En la sentencia del juicio JDC\/188\/2024, el TEEO confirm\u00f3 el acuerdo del Consejo General del IEEPCO, con n\u00famero IEEPCO-CG-70\/2024 por el que se registraron las candidaturas a diputaciones al Congreso del Estado por el principio de representaci\u00f3n proporcional, en concreto, la referente a Amando Demetrio Boh\u00f3rquez Reyes, postulado por el Partido Revolucionario Institucional (PRI).<\/p>\n\n\n\n<p>Resolvi\u00f3 que, contrario a lo manifestado por el actor, el PRI al solicitar el registro de su candidato, present\u00f3 copias certificadas del certificado m\u00e9dico y credencial para personas con discapacidad, expedido por la Secretar\u00eda de Salud y por el Sistema para el Desarrollo Integral de la Familia (DIF), que son instituciones p\u00fablicas del estado de Oaxaca; con las cuales se colige de ellas que el candidato s\u00ed cuenta con una discapacidad permanente, cuesti\u00f3n que no fue controvertida por el actor.&nbsp;<\/p>\n","protected":false},"excerpt":{"rendered":"<p>Redacci\u00f3n\/Zona Roja.&nbsp; Oaxaca de Ju\u00e1rez, Oax., a 14 de mayo de 2024.- El Tribunal Electoral&hellip;<\/p>\n","protected":false},"author":2,"featured_media":68346,"comment_status":"closed","ping_status":"open","sticky":false,"template":"","format":"standard","meta":{"_lmt_disableupdate":"","_lmt_disable":"","_jetpack_memberships_contains_paid_content":false,"footnotes":""},"categories":[109,47],"tags":[2738,2235],"class_list":["post-68345","post","type-post","status-publish","format-standard","has-post-thumbnail","hentry","category-minuto-a-minuto","category-zona-gris","tag-daniel-mendez-sosa","tag-tribunal-electoral-del-estado-de-oaxaca-teeo"],"jetpack_featured_media_url":"https:\/\/zonaroja.com.mx\/wp-content\/uploads\/2024\/05\/Daniel-Mendez-Sosa-y-Gabriela-Diaz-San-Jacinto.jpg","jetpack_sharing_enabled":true,"_links":{"self":[{"href":"https:\/\/zonaroja.com.mx\/index.php?rest_route=\/wp\/v2\/posts\/68345","targetHints":{"allow":["GET"]}}],"collection":[{"href":"https:\/\/zonaroja.com.mx\/index.php?rest_route=\/wp\/v2\/posts"}],"about":[{"href":"https:\/\/zonaroja.com.mx\/index.php?rest_route=\/wp\/v2\/types\/post"}],"author":[{"embeddable":true,"href":"https:\/\/zonaroja.com.mx\/index.php?rest_route=\/wp\/v2\/users\/2"}],"replies":[{"embeddable":true,"href":"https:\/\/zonaroja.com.mx\/index.php?rest_route=%2Fwp%2Fv2%2Fcomments&post=68345"}],"version-history":[{"count":2,"href":"https:\/\/zonaroja.com.mx\/index.php?rest_route=\/wp\/v2\/posts\/68345\/revisions"}],"predecessor-version":[{"id":68355,"href":"https:\/\/zonaroja.com.mx\/index.php?rest_route=\/wp\/v2\/posts\/68345\/revisions\/68355"}],"wp:featuredmedia":[{"embeddable":true,"href":"https:\/\/zonaroja.com.mx\/index.php?rest_route=\/wp\/v2\/media\/68346"}],"wp:attachment":[{"href":"https:\/\/zonaroja.com.mx\/index.php?rest_route=%2Fwp%2Fv2%2Fmedia&parent=68345"}],"wp:term":[{"taxonomy":"category","embeddable":true,"href":"https:\/\/zonaroja.com.mx\/index.php?rest_route=%2Fwp%2Fv2%2Fcategories&post=68345"},{"taxonomy":"post_tag","embeddable":true,"href":"https:\/\/zonaroja.com.mx\/index.php?rest_route=%2Fwp%2Fv2%2Ftags&post=68345"}],"curies":[{"name":"wp","href":"https:\/\/api.w.org\/{rel}","templated":true}]}}