{"id":68348,"date":"2024-05-14T09:20:00","date_gmt":"2024-05-14T15:20:00","guid":{"rendered":"https:\/\/zonaroja.com.mx\/?p=68348"},"modified":"2024-05-14T07:21:31","modified_gmt":"2024-05-14T13:21:31","slug":"suman-37-candidatos-o-aspirantes-asesinados-en-mexico-este-ano","status":"publish","type":"post","link":"https:\/\/zonaroja.com.mx\/?p=68348","title":{"rendered":"Suman 37 candidatos o aspirantes asesinados en M\u00e9xico, este a\u00f1o"},"content":{"rendered":"\n<p>Redacci\u00f3n\/Zona Roja Cdmx.<\/p>\n\n\n\n<p>Ciudad de M\u00e9xico, a 14 de mayo de 2024.- Al menos cuatro candidatos o aspirantes a un cargo de elecci\u00f3n popular el pr\u00f3ximo 2 de junio murieron asesinados en M\u00e9xico durante abril, con lo que suman 19 en 2024, inform\u00f3 la organizaci\u00f3n civil Data C\u00edvica.<\/p>\n\n\n\n<p>El n\u00famero de homicidios relacionados con la violencia pol\u00edtica el mes pasado se eleva a 37 al considerar tambi\u00e9n a colaboradores de campa\u00f1a, funcionarios y familiares de los pol\u00edticos, detall\u00f3 el informe \u2018Votar entre balas\u2018 en abril.<\/p>\n\n\n\n<p>Entre los aspirantes asesinados el mes pasado hay una del gobernante Movimiento Regeneraci\u00f3n Nacional (Morena), dos del Partido Verde Ecologista de M\u00e9xico (PVEM), aliado del oficialismo, y uno m\u00e1s del opositor Partido Revolucionario Institucional (PRI).<\/p>\n\n\n\n<p>Los candidatos fallecidos son Bertha Gisela Gayt\u00e1n, aspirante de Morena a la alcald\u00eda de Celaya en Guanajuato; Juli\u00e1n Bautista, candidato del PRI a la alcald\u00eda de Amatenango, y dos aspirantes a s\u00edndicos del PVEM en el estado de Jalisco.<\/p>\n\n\n\n<p>Adem\u00e1s, Data C\u00edvica registr\u00f3 cinco secuestros, tres atentados, dos ataques armados y 10 amenazas contra otros aspirantes, tanto del oficialismo como de la oposici\u00f3n.<\/p>\n\n\n\n<p>\u201cEstamos en la recta final de las campa\u00f1as y, como hemos visto en otros a\u00f1os, la violencia pol\u00edtico-criminal aumenta entre m\u00e1s cerca est\u00e1 el d\u00eda de la elecci\u00f3n. En abril crecieron 67 por ciento respecto a marzo las agresiones contra personas vinculadas a la pol\u00edtica\u201d, se\u00f1al\u00f3 la organizaci\u00f3n.<\/p>\n\n\n\n<p>En total, Data C\u00edvica registr\u00f3 72 personas en el \u00e1mbito de la pol\u00edtica que padecieron alguna agresi\u00f3n o ataque de la delincuencia organizada en abril.<\/p>\n\n\n\n<p>Los 19 asesinatos de los primeros cuatro meses de 2024 se suman a los 11 homicidios de candidatos, precandidatos y excandidatos asesinados documentados por Data C\u00edvica desde la segunda mitad de 2023, cuando comenz\u00f3 el actual proceso electoral que culmina con los comicios del 2 de junio.<\/p>\n\n\n\n<p>Desde enero de 2018 hasta diciembre de 2023, la organizaci\u00f3n document\u00f3 105 asesinatos de candidatos, precandidatos y excandidatos.<\/p>\n\n\n\n<p>Al contemplar tambi\u00e9n ataques y amenazas, la asociaci\u00f3n report\u00f3 574 actos de violencia criminal-electoral en 2023, lo que representa el n\u00famero m\u00e1s elevado desde que comenz\u00f3 este registro.<\/p>\n\n\n\n<p>M\u00e9xico celebra las elecciones m\u00e1s grandes de su historia el 2 de junio, cuando m\u00e1s de 98 millones de personas est\u00e1n convocadas a renovar 20 mil 375 cargos, incluida la Presidencia de la Rep\u00fablica, los 500 diputados y los 128 senadores, as\u00ed como nueve gobiernos estatales.<\/p>\n\n\n\n<p>(Con informaci\u00f3n de EFE, en L\u00f3pez-D\u00f3riga Digital)<\/p>\n","protected":false},"excerpt":{"rendered":"<p>Redacci\u00f3n\/Zona Roja Cdmx. Ciudad de M\u00e9xico, a 14 de mayo de 2024.- Al menos cuatro&hellip;<\/p>\n","protected":false},"author":2,"featured_media":66347,"comment_status":"closed","ping_status":"open","sticky":false,"template":"","format":"standard","meta":{"_lmt_disableupdate":"","_lmt_disable":"","_jetpack_memberships_contains_paid_content":false,"footnotes":""},"categories":[109,47],"tags":[2578],"class_list":["post-68348","post","type-post","status-publish","format-standard","has-post-thumbnail","hentry","category-minuto-a-minuto","category-zona-gris","tag-violencia-politica-en-mexico"],"jetpack_featured_media_url":"https:\/\/zonaroja.com.mx\/wp-content\/uploads\/2024\/03\/Violencia-politica-2.jpg","jetpack_sharing_enabled":true,"_links":{"self":[{"href":"https:\/\/zonaroja.com.mx\/index.php?rest_route=\/wp\/v2\/posts\/68348","targetHints":{"allow":["GET"]}}],"collection":[{"href":"https:\/\/zonaroja.com.mx\/index.php?rest_route=\/wp\/v2\/posts"}],"about":[{"href":"https:\/\/zonaroja.com.mx\/index.php?rest_route=\/wp\/v2\/types\/post"}],"author":[{"embeddable":true,"href":"https:\/\/zonaroja.com.mx\/index.php?rest_route=\/wp\/v2\/users\/2"}],"replies":[{"embeddable":true,"href":"https:\/\/zonaroja.com.mx\/index.php?rest_route=%2Fwp%2Fv2%2Fcomments&post=68348"}],"version-history":[{"count":1,"href":"https:\/\/zonaroja.com.mx\/index.php?rest_route=\/wp\/v2\/posts\/68348\/revisions"}],"predecessor-version":[{"id":68349,"href":"https:\/\/zonaroja.com.mx\/index.php?rest_route=\/wp\/v2\/posts\/68348\/revisions\/68349"}],"wp:featuredmedia":[{"embeddable":true,"href":"https:\/\/zonaroja.com.mx\/index.php?rest_route=\/wp\/v2\/media\/66347"}],"wp:attachment":[{"href":"https:\/\/zonaroja.com.mx\/index.php?rest_route=%2Fwp%2Fv2%2Fmedia&parent=68348"}],"wp:term":[{"taxonomy":"category","embeddable":true,"href":"https:\/\/zonaroja.com.mx\/index.php?rest_route=%2Fwp%2Fv2%2Fcategories&post=68348"},{"taxonomy":"post_tag","embeddable":true,"href":"https:\/\/zonaroja.com.mx\/index.php?rest_route=%2Fwp%2Fv2%2Ftags&post=68348"}],"curies":[{"name":"wp","href":"https:\/\/api.w.org\/{rel}","templated":true}]}}