{"id":68356,"date":"2024-05-14T11:07:00","date_gmt":"2024-05-14T17:07:00","guid":{"rendered":"https:\/\/zonaroja.com.mx\/?p=68356"},"modified":"2024-05-14T08:22:53","modified_gmt":"2024-05-14T14:22:53","slug":"red-estatal-de-victimas-de-oaxaca-no-participara-en-elecciones","status":"publish","type":"post","link":"https:\/\/zonaroja.com.mx\/?p=68356","title":{"rendered":"Red Estatal de V\u00edctimas de Oaxaca no participar\u00e1 en elecciones"},"content":{"rendered":"\n<p>Raymundo Morales\/Zona Roja.<\/p>\n\n\n\n<p>Oaxaca de Ju\u00e1rez, Oax., a 14 de mayo de 2024.- \u201cLas actuales elecciones no son m\u00e1s que la representaci\u00f3n del Estado, y en dicho sentido, est\u00e1n hechos para perpetuar la opresi\u00f3n\u201d.<\/p>\n\n\n\n<p>Bajo esa premisa, la Red Estatal de V\u00edctimas de Oaxaca \u201cTom\u00e1s Mart\u00ednez\u201d se deslind\u00f3 de participar en el actual proceso electoral 2024, cuyas elecciones son el pr\u00f3ximo 2 de junio.<\/p>\n\n\n\n<p>\u201cNuestro espacio de organizaciones sostiene que su principal lucha es por lograr justicia para las v\u00edctimas de la represi\u00f3n y que la \u00fanica forma de garantizarla es a trav\u00e9s de la movilizaci\u00f3n organizada en las calles; as\u00ed como a trav\u00e9s de la construcci\u00f3n de espacios de avanzada para una lucha m\u00e1s profunda y una transformaci\u00f3n real, no de membrete\u201d, sostuvo.<\/p>\n\n\n\n<p>En un pronunciamiento emitido anoche, detall\u00f3 que el presente proceso electoral \u201ces la representaci\u00f3n pura de que los grupos de poder se imponen por sobre las demandas e intereses del pueblo, siempre en la pugna por tomar el control del poder pol\u00edtico de zonas, municipios, distritos y el propio estado de Oaxaca\u201d.<\/p>\n\n\n\n<p>Abund\u00f3 que respetar\u00e1 la participaci\u00f3n en lo individual o como colectivo particular que tome respecto a las elecciones, pero en el caso de la Red Estatal del de V\u00edctimas no participar\u00e1n \u201cal considerarlo corrupto y falto de democracia\u201d.<\/p>\n\n\n\n<p>De la misma manera se declar\u00f3 en alerta por las agresiones que se empiezan a observar contra luchadores sociales, como el caso que hemos denunciado por Santiago Ambrosio, del Comit\u00e9 de V\u00edctimas de Nochixtl\u00e1n.<\/p>\n\n\n\n<p>\u201cResponsabilizamos al Gobierno del Estado de la integridad de todos los que integramos la REVO, as\u00ed como de otros activistas que forman parte del movimiento social oaxaque\u00f1o. No quedar\u00e1 una agresi\u00f3n sin respuesta de movilizaci\u00f3n organizada\u201d, expuso.<\/p>\n\n\n\n<p>\u00abLos actores pol\u00edticos que contienden en el proceso electoral se disputan encarnizadamente los espacios de poder, en su mayor\u00eda sin ninguna propuesta que venga en favor de las mayor\u00edas populares; m\u00e1s bien, todos los discursos giran en torno de desacreditarse mutuamente, para tratar de ganar a las mayor\u00edas indecisas, desencantadas del circo electoral. Peor a\u00fan resulta el clientelismo y corporativismo que tiene su mayor expresi\u00f3n en la compra indiscriminada de votos y conciencias de quienes intentan hacerse del poder pol\u00edtico.\u00a0<\/p>\n\n\n\n<p>\u00abImposiciones en las c\u00fapulas partidarias, pago de facturas a grupos de poder faccioso y dem\u00e1s artima\u00f1as pol\u00edticas, dejan en evidencia que este proceso electoral es cualquier cosa, menos democr\u00e1tico. Las elecciones 2024 son la muestra de que los pueblos, los de abajo, los explotados y oprimidos son lo que menos importa, a pesar del discurso oficial\u00bb, abund\u00f3 en su comunicado.<\/p>\n","protected":false},"excerpt":{"rendered":"<p>Raymundo Morales\/Zona Roja. Oaxaca de Ju\u00e1rez, Oax., a 14 de mayo de 2024.- \u201cLas actuales&hellip;<\/p>\n","protected":false},"author":2,"featured_media":68357,"comment_status":"closed","ping_status":"open","sticky":false,"template":"","format":"standard","meta":{"_lmt_disableupdate":"","_lmt_disable":"","_jetpack_memberships_contains_paid_content":false,"footnotes":""},"categories":[109,47],"tags":[3331],"class_list":["post-68356","post","type-post","status-publish","format-standard","has-post-thumbnail","hentry","category-minuto-a-minuto","category-zona-gris","tag-red-estatal-de-victimas-tomas-martinez"],"jetpack_featured_media_url":"https:\/\/zonaroja.com.mx\/wp-content\/uploads\/2024\/05\/Red-Estatal-de-Victimas-Tomas-Martinez.jpg","jetpack_sharing_enabled":true,"_links":{"self":[{"href":"https:\/\/zonaroja.com.mx\/index.php?rest_route=\/wp\/v2\/posts\/68356","targetHints":{"allow":["GET"]}}],"collection":[{"href":"https:\/\/zonaroja.com.mx\/index.php?rest_route=\/wp\/v2\/posts"}],"about":[{"href":"https:\/\/zonaroja.com.mx\/index.php?rest_route=\/wp\/v2\/types\/post"}],"author":[{"embeddable":true,"href":"https:\/\/zonaroja.com.mx\/index.php?rest_route=\/wp\/v2\/users\/2"}],"replies":[{"embeddable":true,"href":"https:\/\/zonaroja.com.mx\/index.php?rest_route=%2Fwp%2Fv2%2Fcomments&post=68356"}],"version-history":[{"count":1,"href":"https:\/\/zonaroja.com.mx\/index.php?rest_route=\/wp\/v2\/posts\/68356\/revisions"}],"predecessor-version":[{"id":68358,"href":"https:\/\/zonaroja.com.mx\/index.php?rest_route=\/wp\/v2\/posts\/68356\/revisions\/68358"}],"wp:featuredmedia":[{"embeddable":true,"href":"https:\/\/zonaroja.com.mx\/index.php?rest_route=\/wp\/v2\/media\/68357"}],"wp:attachment":[{"href":"https:\/\/zonaroja.com.mx\/index.php?rest_route=%2Fwp%2Fv2%2Fmedia&parent=68356"}],"wp:term":[{"taxonomy":"category","embeddable":true,"href":"https:\/\/zonaroja.com.mx\/index.php?rest_route=%2Fwp%2Fv2%2Fcategories&post=68356"},{"taxonomy":"post_tag","embeddable":true,"href":"https:\/\/zonaroja.com.mx\/index.php?rest_route=%2Fwp%2Fv2%2Ftags&post=68356"}],"curies":[{"name":"wp","href":"https:\/\/api.w.org\/{rel}","templated":true}]}}