{"id":68366,"date":"2024-05-14T20:21:55","date_gmt":"2024-05-15T02:21:55","guid":{"rendered":"https:\/\/zonaroja.com.mx\/?p=68366"},"modified":"2024-05-14T20:21:57","modified_gmt":"2024-05-15T02:21:57","slug":"saldo-fatal-de-incendios-forestales-en-oaxaca-seis-muertos","status":"publish","type":"post","link":"https:\/\/zonaroja.com.mx\/?p=68366","title":{"rendered":"Saldo fatal de incendios forestales en Oaxaca: seis muertos"},"content":{"rendered":"\n<p>Ismael Garc\u00eda M.\/Zona Roja.<\/p>\n\n\n\n<p>Oaxaca de Ju\u00e1rez, Oax., a 14 de mayo de 2024.- Seis personas han perdido la vida en lo que va del a\u00f1o en el combate de incendios forestales en Oaxaca.<\/p>\n\n\n\n<p>El m\u00e1s reciente caso ocurri\u00f3 este martes en la comunidad de San Pedro Cafetitl\u00e1n, agencia municipal de San Pedro Pochutla, donde desde hace dos semanas prevalece una fuerte conflagraci\u00f3n.<\/p>\n\n\n\n<p>Hassan Miguel R\u00edos, de 20 a\u00f1os de edad, junto con pobladores de Cafetitl\u00e1n, subieron al cerro para combatir el siniestro pero durante la jornada, una rama grande le cay\u00f3 encima, lo que hizo que perdiera la vida de inmediato.<\/p>\n\n\n\n<p>El joven era originario de la localidad de Bajos de Chila, San Pedro Mixtepec, pero estaba casado con una mujer de Cafetitl\u00e1n.<\/p>\n\n\n\n<p>La noticia fue confirmada por las autoridades estatales y por pobladores que efectuaron un bloqueo temporal a la carretera federal 200, a la altura del crucero al aeropuerto internacional de Huatulco, para exigir m\u00e1s ayuda por parte de brigadistas oficiales.<\/p>\n\n\n\n<p>Horas m\u00e1s tarde, un grupo de avecindados de dicha comunidad protest\u00f3 de manera pac\u00edfica en el corredor del Palacio de Gobierno, para demandar ayuda urgente, que incluyera la asignaci\u00f3n de un helic\u00f3ptero.<\/p>\n\n\n\n<p>Seg\u00fan expusieron, la ayuda de los brigadistas ha sido m\u00ednima e insuficiente, por lo cual reclamaron al Gobierno del Estado celeridad en el caso. Asimismo, el ayuntamiento De San Pedro Pochutla ha brindado escasos apoyos.<\/p>\n\n\n\n<p>\u201cLamentamos profundamente el fallecimiento de Hassan Miguel R\u00edos, originario de Bajos de Chila, quien participaba como voluntario en las labores de combate al incendio de San Pedro Cafetitl\u00e1n.&nbsp;<\/p>\n\n\n\n<p>\u201cEnv\u00edo mi m\u00e1s sentido p\u00e9same y solidaridad a sus familiares, reiterando que les brindaremos todo el apoyo necesario\u201d, inform\u00f3 a su vez el mandatario Salom\u00f3n Jara Cruz.<\/p>\n\n\n\n<p>Las otras cinco muertes ocurrieron el jueves 29 de febrero de este a\u00f1o en jurisdicci\u00f3n de San Lucas Quiavin\u00ed, Tlacolula, cuando combat\u00edan otra conflagraci\u00f3n.<\/p>\n\n\n\n<p>Las v\u00edctimas fueron Rafael Antonio Morales, Jos\u00e9 Hern\u00e1ndez L\u00f3pez, Pedro Curiel Diego, Celso Diego y Felipe Garc\u00eda.<\/p>\n\n\n\n<figure class=\"wp-block-embed is-type-rich is-provider-twitter wp-block-embed-twitter\"><div class=\"wp-block-embed__wrapper\">\n<div class=\"twitter-tweet\"><blockquote class=\"twitter-tweet\" data-lang=\"es\"><p lang=\"es\" dir=\"ltr\"><a href=\"https:\/\/twitter.com\/hashtag\/ENVIVO?src=hash&amp;ref_src=twsrc%5Etfw\">#ENVIVO<\/a><br>Oaxaca, Oax., a 14 de mayo de 2024.- Conferencia de prensa de San Pedro Cafetitl\u00e1n afuera del Palacio de Gobierno de Oaxaca, para exigir mayor apoyo al combate a los incendios forestales, que han dejado una persona fallecida.<br>\ud83d\udc47<a href=\"https:\/\/t.co\/zCQqzgDMHG\">https:\/\/t.co\/zCQqzgDMHG<\/a><\/p>&mdash; Zona Roja Oaxaca (@ZonaRoja_Oaxaca) <a href=\"https:\/\/twitter.com\/ZonaRoja_Oaxaca\/status\/1790495638888554879?ref_src=twsrc%5Etfw\">14 de mayo de 2024<\/a><\/blockquote><\/div>\n<\/div><\/figure>\n","protected":false},"excerpt":{"rendered":"<p>Ismael Garc\u00eda M.\/Zona Roja. Oaxaca de Ju\u00e1rez, Oax., a 14 de mayo de 2024.- Seis&hellip;<\/p>\n","protected":false},"author":2,"featured_media":68367,"comment_status":"closed","ping_status":"open","sticky":false,"template":"","format":"standard","meta":{"_lmt_disableupdate":"","_lmt_disable":"","_jetpack_memberships_contains_paid_content":false,"footnotes":""},"categories":[109,47],"tags":[3936],"class_list":["post-68366","post","type-post","status-publish","format-standard","has-post-thumbnail","hentry","category-minuto-a-minuto","category-zona-gris","tag-san-pedro-cafetitlan"],"jetpack_featured_media_url":"https:\/\/zonaroja.com.mx\/wp-content\/uploads\/2024\/05\/Muere-combatiente-de-incendio-forestal-en-Cafetitlan.jpg","jetpack_sharing_enabled":true,"_links":{"self":[{"href":"https:\/\/zonaroja.com.mx\/index.php?rest_route=\/wp\/v2\/posts\/68366","targetHints":{"allow":["GET"]}}],"collection":[{"href":"https:\/\/zonaroja.com.mx\/index.php?rest_route=\/wp\/v2\/posts"}],"about":[{"href":"https:\/\/zonaroja.com.mx\/index.php?rest_route=\/wp\/v2\/types\/post"}],"author":[{"embeddable":true,"href":"https:\/\/zonaroja.com.mx\/index.php?rest_route=\/wp\/v2\/users\/2"}],"replies":[{"embeddable":true,"href":"https:\/\/zonaroja.com.mx\/index.php?rest_route=%2Fwp%2Fv2%2Fcomments&post=68366"}],"version-history":[{"count":1,"href":"https:\/\/zonaroja.com.mx\/index.php?rest_route=\/wp\/v2\/posts\/68366\/revisions"}],"predecessor-version":[{"id":68368,"href":"https:\/\/zonaroja.com.mx\/index.php?rest_route=\/wp\/v2\/posts\/68366\/revisions\/68368"}],"wp:featuredmedia":[{"embeddable":true,"href":"https:\/\/zonaroja.com.mx\/index.php?rest_route=\/wp\/v2\/media\/68367"}],"wp:attachment":[{"href":"https:\/\/zonaroja.com.mx\/index.php?rest_route=%2Fwp%2Fv2%2Fmedia&parent=68366"}],"wp:term":[{"taxonomy":"category","embeddable":true,"href":"https:\/\/zonaroja.com.mx\/index.php?rest_route=%2Fwp%2Fv2%2Fcategories&post=68366"},{"taxonomy":"post_tag","embeddable":true,"href":"https:\/\/zonaroja.com.mx\/index.php?rest_route=%2Fwp%2Fv2%2Ftags&post=68366"}],"curies":[{"name":"wp","href":"https:\/\/api.w.org\/{rel}","templated":true}]}}