{"id":68369,"date":"2024-05-14T21:32:41","date_gmt":"2024-05-15T03:32:41","guid":{"rendered":"https:\/\/zonaroja.com.mx\/?p=68369"},"modified":"2024-05-14T21:32:44","modified_gmt":"2024-05-15T03:32:44","slug":"vive-oaxaca-un-martes-de-superbloqueos-y-protestas","status":"publish","type":"post","link":"https:\/\/zonaroja.com.mx\/?p=68369","title":{"rendered":"Vive Oaxaca un martes de superbloqueos y protestas"},"content":{"rendered":"\n<p>Raymundo Morales\/Zona Roja.<\/p>\n\n\n\n<p>Oaxaca de Ju\u00e1rez, Oax., a 14 de mayo de 2024.- En la v\u00edspera del paro indefinido de labores por parte de la Secci\u00f3n 22 del SNTE, Oaxaca vivi\u00f3 un d\u00eda de caos, con protestas y bloqueos en la capital y las regiones Istmo y Costa.<\/p>\n\n\n\n<p>Desde cerca de las siete de la ma\u00f1ana, cientos de taxistas instalaron al menos siete cierres de vialidades en la carretera Panamericana, en su mayor\u00eda en jurisdicci\u00f3n de Juchit\u00e1n de Zaragoza.<\/p>\n\n\n\n<p>Lo anterior para, supuestamente, exigir la rehabilitaci\u00f3n de dicha vialidad, que conduce hacia el estado de Chiapas; las manifestaciones se retiraron por la tarde-noche, sin que haya informaci\u00f3n respecto de los acuerdos.<\/p>\n\n\n\n<p>Tambi\u00e9n, para demandar al gobierno estatal como al federal mayor apoyo al combate de incendios forestales, que llevan dos semanas, pobladores de la agencia de San Pedro Cafetitl\u00e1n, bloquearon por unas horas la v\u00eda federal 200, a la altura del crucero al aeropuerto internacional de Huatulco.<\/p>\n\n\n\n<p>Con la misma petici\u00f3n, otro grupo protest\u00f3 aproximadamente a las 14:00 horas en el exterior del Palacio de Gobierno, en la capital, y confirm\u00f3 el deceso de un combatiente, un joven de 20 a\u00f1os de edad.<\/p>\n\n\n\n<p>Por la ma\u00f1ana tambi\u00e9n, un grupo de padres de familia con estudiantes en planteles que atienden docentes del Sindicato Independiente de Trabajadores de la Educaci\u00f3n de M\u00e9xico (SITEM) march\u00f3 y protest\u00f3 por varias horas en el z\u00f3calo capitalino.<\/p>\n\n\n\n<p>Lo anterior para denunciar el nulo apoyo del Instituto Estatal de Educaci\u00f3n P\u00fablica de Oaxaca a dichas escuelas, por ser contrarias a la Secci\u00f3n 22 del SNTE; se retiraron alrededor de las 13:00 horas.<\/p>\n\n\n\n<p>Al mismo espaci\u00f3 arrib\u00f3 un contingente de la organizaci\u00f3n Antorcha Campesina, de filiaci\u00f3n priista, para bloquear la puerta principal del Palacio a fin de exigir apoyos educativos y obras para las comunidades; a eso de las 14:00 horas se retiraron en marcha con rumbo al palacio municipal de la capital.<\/p>\n\n\n\n<p>Mientras que cientos de manifestantes de la organizaci\u00f3n \u201cSol Rojo\u201d march\u00f3 por el bulevar Eduardo Vasconcelos de la ciudad de Oaxaca y se instal\u00f3 en \u201cplant\u00f3n\u201d en la sede de la Defensor\u00eda de los Derechos Humanos; demand\u00f3 mayor atenci\u00f3n gubernamental a la desaparici\u00f3n del profesor Ernesto Serenas.<\/p>\n\n\n\n<p>Por la tarde los inconformes marcharon hacia el z\u00f3calo de la capital, donde dijeron que se instalar\u00edan en forma permanente para acompa\u00f1ar la movilizaci\u00f3n que inicia este mi\u00e9rcoles la Secci\u00f3n 22 del Sindicato Nacional de Trabajadores de la Educaci\u00f3n.<\/p>\n","protected":false},"excerpt":{"rendered":"<p>Raymundo Morales\/Zona Roja. Oaxaca de Ju\u00e1rez, Oax., a 14 de mayo de 2024.- En la&hellip;<\/p>\n","protected":false},"author":2,"featured_media":68370,"comment_status":"closed","ping_status":"open","sticky":false,"template":"","format":"standard","meta":{"_lmt_disableupdate":"","_lmt_disable":"","_jetpack_memberships_contains_paid_content":false,"footnotes":""},"categories":[109,47],"tags":[2254],"class_list":["post-68369","post","type-post","status-publish","format-standard","has-post-thumbnail","hentry","category-minuto-a-minuto","category-zona-gris","tag-protestas-y-bloqueos-oaxaca"],"jetpack_featured_media_url":"https:\/\/zonaroja.com.mx\/wp-content\/uploads\/2024\/05\/Protesta-padres-y-alumnos-SITEM-Oaxaca.jpg","jetpack_sharing_enabled":true,"_links":{"self":[{"href":"https:\/\/zonaroja.com.mx\/index.php?rest_route=\/wp\/v2\/posts\/68369","targetHints":{"allow":["GET"]}}],"collection":[{"href":"https:\/\/zonaroja.com.mx\/index.php?rest_route=\/wp\/v2\/posts"}],"about":[{"href":"https:\/\/zonaroja.com.mx\/index.php?rest_route=\/wp\/v2\/types\/post"}],"author":[{"embeddable":true,"href":"https:\/\/zonaroja.com.mx\/index.php?rest_route=\/wp\/v2\/users\/2"}],"replies":[{"embeddable":true,"href":"https:\/\/zonaroja.com.mx\/index.php?rest_route=%2Fwp%2Fv2%2Fcomments&post=68369"}],"version-history":[{"count":1,"href":"https:\/\/zonaroja.com.mx\/index.php?rest_route=\/wp\/v2\/posts\/68369\/revisions"}],"predecessor-version":[{"id":68371,"href":"https:\/\/zonaroja.com.mx\/index.php?rest_route=\/wp\/v2\/posts\/68369\/revisions\/68371"}],"wp:featuredmedia":[{"embeddable":true,"href":"https:\/\/zonaroja.com.mx\/index.php?rest_route=\/wp\/v2\/media\/68370"}],"wp:attachment":[{"href":"https:\/\/zonaroja.com.mx\/index.php?rest_route=%2Fwp%2Fv2%2Fmedia&parent=68369"}],"wp:term":[{"taxonomy":"category","embeddable":true,"href":"https:\/\/zonaroja.com.mx\/index.php?rest_route=%2Fwp%2Fv2%2Fcategories&post=68369"},{"taxonomy":"post_tag","embeddable":true,"href":"https:\/\/zonaroja.com.mx\/index.php?rest_route=%2Fwp%2Fv2%2Ftags&post=68369"}],"curies":[{"name":"wp","href":"https:\/\/api.w.org\/{rel}","templated":true}]}}