{"id":68384,"date":"2024-05-15T10:30:00","date_gmt":"2024-05-15T16:30:00","guid":{"rendered":"https:\/\/zonaroja.com.mx\/?p=68384"},"modified":"2024-05-15T07:50:33","modified_gmt":"2024-05-15T13:50:33","slug":"presenta-oaxaca-programa-de-la-guelaguetza-2024-en-la-cdmx","status":"publish","type":"post","link":"https:\/\/zonaroja.com.mx\/?p=68384","title":{"rendered":"Presenta Oaxaca programa de la Guelaguetza 2024 en la Cdmx"},"content":{"rendered":"\n<p>Redacci\u00f3n\/Zona Roja.<\/p>\n\n\n\n<p>Ciudad de M\u00e9xico, 15 de mayo de 2024.- Oaxaca present\u00f3 en la Casa Miguel Alem\u00e1n del Complejo Cultural Los Pinos, en la Ciudad de M\u00e9xico, las actividades y programas enmarcados en Julio, mes de la Guelaguetza 2024, donde se promover\u00e1 la riqueza cultural de la entidad.<\/p>\n\n\n\n<p>Como testigo de este emotivo acto, la secretaria de Cultura federal, Alejandra Frausto Guerrero, afirm\u00f3 que Oaxaca ha mantenido sus tradiciones, lenguas y diversidad cultural, &nbsp;que se muestran en la Guelaguetza, que se trata de una tradici\u00f3n comunitaria para dar las gracias y hacer comunidad, y es esta la que ha sostenido al pa\u00eds.&nbsp;<\/p>\n\n\n\n<p>Record\u00f3 que visitar Oaxaca para la Guelaguetza es tambi\u00e9n una oportunidad para recorrer sus mercados, sus zonas arqueol\u00f3gicas, disfrutar de su cultura alimentaria, de su arte tradicional y contempor\u00e1neo, y con la fiesta de los Lunes del Cerro, agradecer a la vida por mantener vivas las ra\u00edces culturales, la siembra, la fertilidad.<\/p>\n\n\n\n<p>En tanto, funcionariado del gobierno de Oaxaca inform\u00f3 que la prioridad de estas actividades es apuntalar a los 16 pueblos ind\u00edgenas y afromexicano de la entidad, para que esta sea una fiesta del pueblo y para el pueblo, d\u00e1ndole un sentido comunitario con sus tradiciones, lenguas y diversidad cultural.&nbsp;<\/p>\n\n\n\n<p>Ante medios de comunicaci\u00f3n se inform\u00f3 que los d\u00edas 22 y 29 de julio los Lunes del Cerro en su edici\u00f3n 92 se presentar\u00e1n en el auditorio \u201cGuelaguetza\u201d, en sus emisiones matutinas y vespertinas a las 10:00 y 17:00 horas respectivamente.&nbsp;<\/p>\n\n\n\n<p>Previamente, los d\u00edas 22 y 23 de junio se realizar\u00e1 la Elecci\u00f3n de Diosa Cent\u00e9otl, y el d\u00eda 28 tendr\u00e1 lugar el Primer Concurso de Composici\u00f3n de la Canci\u00f3n Oaxaque\u00f1a 2024 \u00abCanto de mi Tierra\u00bb.<\/p>\n\n\n\n<p>El d\u00eda 1 de julio se realizar\u00e1 la Inauguraci\u00f3n de las Fiestas de Guelaguetza 2024. El 19 del mismo mes, el Encuentro de Chirim\u00edas se llevar\u00e1 a cabo a las 12:00 y 18:00 horas en diferentes Iglesias de la Ciudad de Oaxaca y la Alameda de Le\u00f3n. En tanto, para los d\u00edas 20 y 27 a las 20:00 horas se realizar\u00e1 Bani stui gulal (Repetici\u00f3n de lo antiguo) en el Auditorio Guelaguetza, espect\u00e1culo que regresa despu\u00e9s de varios a\u00f1os.<\/p>\n\n\n\n<figure class=\"wp-block-embed is-type-rich is-provider-twitter wp-block-embed-twitter\"><div class=\"wp-block-embed__wrapper\">\n<div class=\"twitter-tweet\"><blockquote class=\"twitter-tweet\" data-lang=\"es\"><p lang=\"es\" dir=\"ltr\">En tanto, la preventa de boletos inicia este mi\u00e9rcoles 15 de mayo, con un costo de mil 366 pesos en la secci\u00f3n A y mil 79 pesos en la secci\u00f3n B, m\u00e1s cargos de servicio. Mientras que la venta ser\u00e1 a partir del 1 de junio hasta agotar existencias, con un costo de mil 510 pesos en\u2026<\/p>&mdash; Gobierno de Oaxaca (@GobOax) <a href=\"https:\/\/twitter.com\/GobOax\/status\/1790527181803647189?ref_src=twsrc%5Etfw\">14 de mayo de 2024<\/a><\/blockquote><\/div>\n<\/div><\/figure>\n\n\n\n<p>Del 19 al 22 de julio de 10:00 a 18:00 horas la Alh\u00f3ndiga de Antequera ser\u00e1 sede de la Feria de Telar de la Cintura; mientras que del 26 al 29, en un horario de 10:00 a 18:00 horas se realizar\u00e1 la Feria de los Tapetes.&nbsp;<\/p>\n\n\n\n<p>Para los d\u00edas 3, 7, 10, 17, 24 y 31 de julio a las 17:00 horas se realizar\u00e1n los Convites de Delegaciones que se presentar\u00e1n como parte de las Expresiones art\u00edsticas y culturales que partir\u00e1n de los distintos barrios de la ciudad de Oaxaca.&nbsp;<\/p>\n\n\n\n<p>Fiesta de la tierra (Feria del barro) se desarrollar\u00e1 del 16 al 19 de julio en un horario de 10:00 a 18:00 horas en el Jard\u00edn Morelos, y Ra\u00edces oaxaque\u00f1as (Feria del carrizo y la palma), del 23 al 26 de julio, de 10:00 a 18:00 horas en la calle del Dr. Aurelio Valdivieso entre Miguel Hidalgo y Avenida de la Independencia en la Ciudad de Oaxaca.<\/p>\n\n\n\n<p>Los Convites de Guelaguetza se realizar\u00e1n los d\u00edas 6, 12 y 13 de julio a las 18:00 horas en las principales calles del Centro Hist\u00f3rico, y los Desfiles de las delegaciones ser\u00e1n los d\u00edas 20 y 27 de julio a las 17:00 horas partiendo de la Fuente de las 8 Regiones. En tanto, el Festival de los Moles se har\u00e1 los d\u00edas 25 y 26 de julio a las 14:00 horas en el Centro Gastron\u00f3mico de Oaxaca.&nbsp;<\/p>\n\n\n\n<p>Asimismo, la Fiesta del Mezcal Oaxaca 2024 se realizar\u00e1 en el Centro Cultural y de Convenciones de Oaxaca del 20 al 30 de julio, de 11:00 a 22:00 horas con la presencia de 385 personas expositoras y la Feria del Queso y Quesillo como invitada. Del 2 al 28 de julio se realizar\u00e1n cuatro eventos masivos y 85 actividades art\u00edsticas y culturales.<\/p>\n\n\n\n<p>En tanto, la preventa de boletos inicia este mi\u00e9rcoles 15 de mayo, con un costo de mil 366 pesos en la secci\u00f3n A y mil 79 pesos en la secci\u00f3n B, m\u00e1s cargos de servicio. Mientras que la venta ser\u00e1 a partir del 1 de junio hasta agotar existencias, con un costo de mil 510 pesos en la secci\u00f3n A y mil 222 pesos en la secci\u00f3n B m\u00e1s cargos de servicio.<\/p>\n\n\n\n<p>Las entradas estar\u00e1n disponibles en el punto de venta f\u00edsico en m\u00f3dulo de la Secretar\u00eda de Turismo de Oaxaca ubicado en Avenida Ju\u00e1rez 703, Centro, y de forma electr\u00f3nica en www.superboletos.com.<\/p>\n","protected":false},"excerpt":{"rendered":"<p>Redacci\u00f3n\/Zona Roja. Ciudad de M\u00e9xico, 15 de mayo de 2024.- Oaxaca present\u00f3 en la Casa&hellip;<\/p>\n","protected":false},"author":2,"featured_media":68373,"comment_status":"closed","ping_status":"open","sticky":false,"template":"","format":"standard","meta":{"_lmt_disableupdate":"","_lmt_disable":"","_jetpack_memberships_contains_paid_content":false,"footnotes":""},"categories":[109,46],"tags":[274],"class_list":["post-68384","post","type-post","status-publish","format-standard","has-post-thumbnail","hentry","category-minuto-a-minuto","category-zona-blanca","tag-gobierno-de-oaxaca"],"jetpack_featured_media_url":"https:\/\/zonaroja.com.mx\/wp-content\/uploads\/2024\/05\/Guelaguetza-ciudad-de-Mexico.jpg","jetpack_sharing_enabled":true,"_links":{"self":[{"href":"https:\/\/zonaroja.com.mx\/index.php?rest_route=\/wp\/v2\/posts\/68384","targetHints":{"allow":["GET"]}}],"collection":[{"href":"https:\/\/zonaroja.com.mx\/index.php?rest_route=\/wp\/v2\/posts"}],"about":[{"href":"https:\/\/zonaroja.com.mx\/index.php?rest_route=\/wp\/v2\/types\/post"}],"author":[{"embeddable":true,"href":"https:\/\/zonaroja.com.mx\/index.php?rest_route=\/wp\/v2\/users\/2"}],"replies":[{"embeddable":true,"href":"https:\/\/zonaroja.com.mx\/index.php?rest_route=%2Fwp%2Fv2%2Fcomments&post=68384"}],"version-history":[{"count":1,"href":"https:\/\/zonaroja.com.mx\/index.php?rest_route=\/wp\/v2\/posts\/68384\/revisions"}],"predecessor-version":[{"id":68385,"href":"https:\/\/zonaroja.com.mx\/index.php?rest_route=\/wp\/v2\/posts\/68384\/revisions\/68385"}],"wp:featuredmedia":[{"embeddable":true,"href":"https:\/\/zonaroja.com.mx\/index.php?rest_route=\/wp\/v2\/media\/68373"}],"wp:attachment":[{"href":"https:\/\/zonaroja.com.mx\/index.php?rest_route=%2Fwp%2Fv2%2Fmedia&parent=68384"}],"wp:term":[{"taxonomy":"category","embeddable":true,"href":"https:\/\/zonaroja.com.mx\/index.php?rest_route=%2Fwp%2Fv2%2Fcategories&post=68384"},{"taxonomy":"post_tag","embeddable":true,"href":"https:\/\/zonaroja.com.mx\/index.php?rest_route=%2Fwp%2Fv2%2Ftags&post=68384"}],"curies":[{"name":"wp","href":"https:\/\/api.w.org\/{rel}","templated":true}]}}