{"id":68389,"date":"2024-05-15T10:02:00","date_gmt":"2024-05-15T16:02:00","guid":{"rendered":"https:\/\/zonaroja.com.mx\/?p=68389"},"modified":"2024-05-15T08:30:36","modified_gmt":"2024-05-15T14:30:36","slug":"camaras-empresariales-escuchan-propuestas-de-martinez-neri","status":"publish","type":"post","link":"https:\/\/zonaroja.com.mx\/?p=68389","title":{"rendered":"C\u00e1maras empresariales escuchan propuestas de Mart\u00ednez Neri"},"content":{"rendered":"\n<p>Redacci\u00f3n\/Zona Roja.<\/p>\n\n\n\n<p>Oaxaca de Ju\u00e1rez, Oaxaca, a 15 de mayo de 2024.- El candidato de Morena a la Presidencia Municipal de la capital oaxaque\u00f1a, Francisco Mart\u00ednez Neri, encabez\u00f3 una reuni\u00f3n con integrantes de la C\u00e1mara Mexicana de la Industria de la Construcci\u00f3n (CMIC) Delegaci\u00f3n Oaxaca y del Colegio de Ingenieros Civiles de Oaxaca.&nbsp;<\/p>\n\n\n\n<p>El candidato de Morena recalc\u00f3 el compromiso de seguir impulsando el trabajo colaborativo con organizaciones civiles locales que coadyuven a resolver problemas que aquejan a la poblaci\u00f3n, concretamente a trav\u00e9s de la ejecuci\u00f3n de m\u00e1s obras.&nbsp;<\/p>\n\n\n\n<p>\u201cVamos a fortalecer la obra en el municipio; estoy aqu\u00ed junto con mis compa\u00f1eras y compa\u00f1eros de planilla para trabajar los pr\u00f3ximos a\u00f1os que vienen; nos va a ir bien, Morena es un partido fuerte y desde luego que tenemos la voluntad para seguir trabajando\u201d, dijo.&nbsp;<\/p>\n\n\n\n<p>Por lo anterior, Francisco Mart\u00ednez Neri agreg\u00f3 que se tiene el objetivo de propiciar foros de discusi\u00f3n que permitan profundizar en acciones concretas para atender rezagos y necesidades actuales.&nbsp;<\/p>\n\n\n\n<p>\u201cDe esta reuni\u00f3n podemos ir pensando en convenios muy concretos, como en el caso de la energ\u00eda el\u00e9ctrica, drenaje y el agua potable para atender esas problem\u00e1ticas\u201d, asegur\u00f3.&nbsp;<\/p>\n\n\n\n<p>En ese sentido remarc\u00f3 el compromiso de fortalecer los lazos de colaboraci\u00f3n que combinen esfuerzos y detecten \u00e1reas de oportunidad hacia la soluci\u00f3n de problemas en el territorio capitalino. &nbsp;<\/p>\n\n\n\n<p>Aunado a ello, convoc\u00f3 a las y los expertos en el ramo de la construcci\u00f3n a sumar esfuerzos entre sociedad organizada y gobierno, con la finalidad de procurar el bienestar colectivo de las familias capitalinas, especialmente en zonas que m\u00e1s requieran el apoyo.<\/p>\n","protected":false},"excerpt":{"rendered":"<p>Redacci\u00f3n\/Zona Roja. Oaxaca de Ju\u00e1rez, Oaxaca, a 15 de mayo de 2024.- El candidato de&hellip;<\/p>\n","protected":false},"author":2,"featured_media":68374,"comment_status":"closed","ping_status":"open","sticky":false,"template":"","format":"standard","meta":{"_lmt_disableupdate":"","_lmt_disable":"","_jetpack_memberships_contains_paid_content":false,"footnotes":""},"categories":[109,46],"tags":[2418],"class_list":["post-68389","post","type-post","status-publish","format-standard","has-post-thumbnail","hentry","category-minuto-a-minuto","category-zona-blanca","tag-francisco-martinez-neri"],"jetpack_featured_media_url":"https:\/\/zonaroja.com.mx\/wp-content\/uploads\/2024\/05\/Francisco-Martinez-Neri-campana.jpg","jetpack_sharing_enabled":true,"_links":{"self":[{"href":"https:\/\/zonaroja.com.mx\/index.php?rest_route=\/wp\/v2\/posts\/68389","targetHints":{"allow":["GET"]}}],"collection":[{"href":"https:\/\/zonaroja.com.mx\/index.php?rest_route=\/wp\/v2\/posts"}],"about":[{"href":"https:\/\/zonaroja.com.mx\/index.php?rest_route=\/wp\/v2\/types\/post"}],"author":[{"embeddable":true,"href":"https:\/\/zonaroja.com.mx\/index.php?rest_route=\/wp\/v2\/users\/2"}],"replies":[{"embeddable":true,"href":"https:\/\/zonaroja.com.mx\/index.php?rest_route=%2Fwp%2Fv2%2Fcomments&post=68389"}],"version-history":[{"count":1,"href":"https:\/\/zonaroja.com.mx\/index.php?rest_route=\/wp\/v2\/posts\/68389\/revisions"}],"predecessor-version":[{"id":68390,"href":"https:\/\/zonaroja.com.mx\/index.php?rest_route=\/wp\/v2\/posts\/68389\/revisions\/68390"}],"wp:featuredmedia":[{"embeddable":true,"href":"https:\/\/zonaroja.com.mx\/index.php?rest_route=\/wp\/v2\/media\/68374"}],"wp:attachment":[{"href":"https:\/\/zonaroja.com.mx\/index.php?rest_route=%2Fwp%2Fv2%2Fmedia&parent=68389"}],"wp:term":[{"taxonomy":"category","embeddable":true,"href":"https:\/\/zonaroja.com.mx\/index.php?rest_route=%2Fwp%2Fv2%2Fcategories&post=68389"},{"taxonomy":"post_tag","embeddable":true,"href":"https:\/\/zonaroja.com.mx\/index.php?rest_route=%2Fwp%2Fv2%2Ftags&post=68389"}],"curies":[{"name":"wp","href":"https:\/\/api.w.org\/{rel}","templated":true}]}}