{"id":68399,"date":"2024-05-15T21:08:42","date_gmt":"2024-05-16T03:08:42","guid":{"rendered":"https:\/\/zonaroja.com.mx\/?p=68399"},"modified":"2024-05-15T21:08:45","modified_gmt":"2024-05-16T03:08:45","slug":"logra-fiscalia-sentencia-de-10-anos-contra-responsable-de-violacion-a-una-menor","status":"publish","type":"post","link":"https:\/\/zonaroja.com.mx\/?p=68399","title":{"rendered":"Logra Fiscal\u00eda sentencia de 10 a\u00f1os contra responsable de violaci\u00f3n a una menor"},"content":{"rendered":"\n<p>Redacci\u00f3n\/Zona Roja.&nbsp;<\/p>\n\n\n\n<p>Oaxaca de Ju\u00e1rez, Oax., 15 de mayo de 2024.- Gracias al trabajo en materia de delitos contra la mujer por raz\u00f3n de g\u00e9nero que efect\u00faan las \u00e1reas especializadas de la Fiscal\u00eda General del Estado de Oaxaca (FGEO), se obtuvo una sentencia condenatoria de 10 a\u00f1os de prisi\u00f3n en contra de A. L. G., responsable en la comisi\u00f3n del delito de Violaci\u00f3n Equiparada, hechos ocurridos la regi\u00f3n de la Cuenca del Papaloapan.<\/p>\n\n\n\n<p>Conforme a lo establecido en el expediente penal del caso, la agresi\u00f3n sexual ocurri\u00f3 el 02 de enero de 2017, cuando la v\u00edctima (cuya identidad est\u00e1 reservada por ley) se encontraba en su lugar de trabajo ubicado en la carretera federal jurisdicci\u00f3n del Municipio de Loma Bonita, sitio en el que fue agredida sexualmente y f\u00edsicamente por el imputado.<\/p>\n\n\n\n<p>Luego de tomar conocimiento del caso, la FGEO inici\u00f3 una exhaustiva investigaci\u00f3n, la cual permiti\u00f3 que elementos de la Agencia Estatal de Investigaciones (AEI) ejecutaran una orden de aprehensi\u00f3n por la que fue detenido el imputado, quien fue presentado ante el Juez que atiende la causa.<\/p>\n\n\n\n<p>En audiencia, una vez analizadas las pruebas, el Juez dict\u00f3 sentencia condenatoria de 10 a\u00f1os de prisi\u00f3n contra A.L.G., adem\u00e1s de imponer una multa econ\u00f3mica y el pago por reparaci\u00f3n del da\u00f1o, luego de demostrar su responsabilidad en la comisi\u00f3n del delito de Violaci\u00f3n equiparada.<\/p>\n\n\n\n<p>OTRO ABUSADOR<\/p>\n\n\n\n<p>En otro caso y como resultado de las investigaciones enfocadas en garantizar los derechos a una vida libre de violencia de ni\u00f1as ni\u00f1os y adolescentes, la Fiscal\u00eda General obtuvo una sentencia condenatoria de 4 a\u00f1os de prisi\u00f3n en contra de una persona del sexo masculino identificada como C.C.C., por su responsabilidad en la comisi\u00f3n del delito de Abuso Sexual Agravado, hechos ocurridos en la regi\u00f3n de la Cuenca.<\/p>\n\n\n\n<p>De acuerdo con el expediente penal del caso, los hechos ocurrieron el 17 de agosto de 2022, cuando la v\u00edctima ten\u00eda seis a\u00f1os de edad y se encontraba en un domicilio ubicado en la Secci\u00f3n Agua de Olla, en el municipio de Jalapa de D\u00edaz, sitio en el que fue agredida sexualmente.<\/p>\n\n\n\n<p>Ante estos hechos, la FGEO inici\u00f3 las investigaciones correspondientes a trav\u00e9s de la Vicefiscal\u00eda Regional de la Cuenca, las cuales permitieron aprehender a C.C.C., para despu\u00e9s presentarlo ante el Juez que atiende la causa.<\/p>\n\n\n\n<p>En audiencia y tras evaluar los datos de prueba emanados de las investigaciones ministeriales de la Fiscal\u00eda de Oaxaca, el Juez dict\u00f3 sentencia condenatoria de 4 a\u00f1os y 6 meses de prisi\u00f3n en contra de C.C.C., adem\u00e1s de imponer una multa econ\u00f3mica y el pago por reparaci\u00f3n del da\u00f1o, luego de demostrar su responsabilidad en la comisi\u00f3n del delito de abuso sexual agravado.<\/p>\n\n\n\n<p>La Fiscal\u00eda del Estado de Oaxaca refrenda su compromiso de brindar una atenci\u00f3n integral a las v\u00edctimas, especialmente cuando se trata de delitos cometidos en contra de ni\u00f1as, ni\u00f1os y adolescentes a efecto de garantizar el derecho a una vida libre de violencia.<\/p>\n","protected":false},"excerpt":{"rendered":"<p>Redacci\u00f3n\/Zona Roja.&nbsp; Oaxaca de Ju\u00e1rez, Oax., 15 de mayo de 2024.- Gracias al trabajo en&hellip;<\/p>\n","protected":false},"author":2,"featured_media":65985,"comment_status":"closed","ping_status":"open","sticky":false,"template":"","format":"standard","meta":{"_lmt_disableupdate":"","_lmt_disable":"","_jetpack_memberships_contains_paid_content":false,"footnotes":""},"categories":[109,46],"tags":[494],"class_list":["post-68399","post","type-post","status-publish","format-standard","has-post-thumbnail","hentry","category-minuto-a-minuto","category-zona-blanca","tag-fiscalia-general-del-estado-de-oaxaca"],"jetpack_featured_media_url":"https:\/\/zonaroja.com.mx\/wp-content\/uploads\/2024\/03\/Justicia-sentencia-juez.jpeg","jetpack_sharing_enabled":true,"_links":{"self":[{"href":"https:\/\/zonaroja.com.mx\/index.php?rest_route=\/wp\/v2\/posts\/68399","targetHints":{"allow":["GET"]}}],"collection":[{"href":"https:\/\/zonaroja.com.mx\/index.php?rest_route=\/wp\/v2\/posts"}],"about":[{"href":"https:\/\/zonaroja.com.mx\/index.php?rest_route=\/wp\/v2\/types\/post"}],"author":[{"embeddable":true,"href":"https:\/\/zonaroja.com.mx\/index.php?rest_route=\/wp\/v2\/users\/2"}],"replies":[{"embeddable":true,"href":"https:\/\/zonaroja.com.mx\/index.php?rest_route=%2Fwp%2Fv2%2Fcomments&post=68399"}],"version-history":[{"count":1,"href":"https:\/\/zonaroja.com.mx\/index.php?rest_route=\/wp\/v2\/posts\/68399\/revisions"}],"predecessor-version":[{"id":68400,"href":"https:\/\/zonaroja.com.mx\/index.php?rest_route=\/wp\/v2\/posts\/68399\/revisions\/68400"}],"wp:featuredmedia":[{"embeddable":true,"href":"https:\/\/zonaroja.com.mx\/index.php?rest_route=\/wp\/v2\/media\/65985"}],"wp:attachment":[{"href":"https:\/\/zonaroja.com.mx\/index.php?rest_route=%2Fwp%2Fv2%2Fmedia&parent=68399"}],"wp:term":[{"taxonomy":"category","embeddable":true,"href":"https:\/\/zonaroja.com.mx\/index.php?rest_route=%2Fwp%2Fv2%2Fcategories&post=68399"},{"taxonomy":"post_tag","embeddable":true,"href":"https:\/\/zonaroja.com.mx\/index.php?rest_route=%2Fwp%2Fv2%2Ftags&post=68399"}],"curies":[{"name":"wp","href":"https:\/\/api.w.org\/{rel}","templated":true}]}}