{"id":68401,"date":"2024-05-15T21:59:21","date_gmt":"2024-05-16T03:59:21","guid":{"rendered":"https:\/\/zonaroja.com.mx\/?p=68401"},"modified":"2024-05-15T21:59:23","modified_gmt":"2024-05-16T03:59:23","slug":"y-ocho-anos-despues-vuelve-el-planton-magisterial-al-zocalo-de-oaxaca","status":"publish","type":"post","link":"https:\/\/zonaroja.com.mx\/?p=68401","title":{"rendered":"Y ocho a\u00f1os despu\u00e9s, vuelve el \u201cplant\u00f3n\u201d magisterial al z\u00f3calo de Oaxaca"},"content":{"rendered":"\n<p>Ismael Garc\u00eda M.\/Zona Roja.<\/p>\n\n\n\n<p>Oaxaca de Ju\u00e1rez, Oax., a 15 de mayo de 2024.- Como no suced\u00eda desde hace unos ocho a\u00f1os, el z\u00f3calo y calles del Centro Hist\u00f3rico de Oaxaca volvieron a ser ocupadas por afiliados a la Secci\u00f3n 22 del SNTE.<\/p>\n\n\n\n<p>Carpas, lonas, cartones, sanitarios port\u00e1tiles, mecates y carpas por doquier hay en al menos 10 cuadras, con las consecuencias para el comercio, el turismo y la econom\u00eda en general.<\/p>\n\n\n\n<p>Y como hace ocho a\u00f1os, la lucha principal del magisterio es por la abrogaci\u00f3n de la reforma educativa que promovi\u00f3 el entonces Presidente Enrique Pe\u00f1a Nieto, en 2015, y la modificaciones legales estatales promovidas por el mandatario Gabino Cu\u00e9 Monteagudo.<\/p>\n\n\n\n<p>En ese entonces, la lucha de maestras y maestros devino en un \u201cplant\u00f3n\u201d y paro de labores generalizado de al menos un mes y que tuvo su cl\u00edmax con el ataque policiaco en la zona conurbada de la ciudad de Oaxaca y en Asunci\u00f3n Nochixtl\u00e1n.<\/p>\n\n\n\n<p>Al menos ocho v\u00edctimas fatales y un centenar de lesionados, as\u00ed como el encarcelamiento de los dirigentes magisteriales Rub\u00e9n N\u00fa\u00f1ez Ginez y Francisco Villalobos no amain\u00f3 la lucha magisterial. Pero tampoco consigui\u00f3 resultados positivos.<\/p>\n\n\n\n<p>En el sexenio de Alejandro Murat, el comit\u00e9 ejecutivo seccional, que lo acompa\u00f1\u00f3 pr\u00e1cticamente tambi\u00e9n seis a\u00f1os, se mostr\u00f3 sumiso, sin realizar ni marchas ni protestas.<\/p>\n\n\n\n<p>En pago a ello, Eloy L\u00f3pez Hern\u00e1ndez, secretario General; Genaro Mart\u00ednez Morales, secretario de Organizaci\u00f3n, y tres m\u00e1s parte del grupo cerrado de dirigentes, se volvieron millonarios y desaparecieron de la escena magisterial. Para ellos s\u00ed hay perd\u00f3n y olvido.<\/p>\n\n\n\n<p>Hoy 15 de mayo, la escena del 2016 y del 2006 se repite: megamarcha, \u201cplant\u00f3n\u201d en diversas calles, m\u00e1s movilizaciones ma\u00f1ana.&nbsp;<\/p>\n\n\n\n<p>Todo porque el Presidente Andr\u00e9s Manuel L\u00f3pez Obrador termina su mandato y no cumpli\u00f3, seis a\u00f1os despu\u00e9s, con abrogar la reforma educativa de Pe\u00f1a Nieto. En Oaxaca, poco avance legislativo en las demandas similares.<\/p>\n\n\n\n<p>Por ahora el escenario de confrontaci\u00f3n y uso de la fuerza p\u00fablica est\u00e1 lejos, pues el gobernador Salom\u00f3n Jara Cruz ha reiterado su voluntad de di\u00e1logo y acuerdos, pese a la nulidad del titular del IEEPO, Emilio Montero P\u00e9rez.<\/p>\n\n\n\n<p>Hoy el caos magisterial est\u00e1 de vuelta. Inici\u00f3 con una megamarcha del crucero del monumento a don Benito Ju\u00e1rez, al oriente de la capital, y culmin\u00f3 en el z\u00f3calo capitalino.<\/p>\n\n\n\n<p>Levantar el \u201cplant\u00f3n\u201d y paro indefinido de labores depende del Presidente L\u00f3pez Obrador y sus respuestas a las demandas del magisterio, puntualiz\u00f3 la dirigente Yenny Aracely P\u00e9rez Mart\u00ednez.<\/p>\n\n\n\n<p>Por lo pronto, ma\u00f1ana jueves arranca la otra fase de las movilizaciones, y el segundo d\u00eda de un Centro Hist\u00f3rico sitiado.<\/p>\n\n\n\n<figure class=\"wp-block-embed is-type-rich is-provider-twitter wp-block-embed-twitter\"><div class=\"wp-block-embed__wrapper\">\n<div class=\"twitter-tweet\"><blockquote class=\"twitter-tweet\" data-lang=\"es\"><p lang=\"es\" dir=\"ltr\">2. Estas son las demandas que seg\u00fan la Secci\u00f3n 22 del SNTE est\u00e1n pendientes de cumplir. <br>La dirigente Yenny Aracely L\u00f3pez Hern\u00e1ndez, asegura que el boicot a las elecciones del 2 de junio depender\u00e1n de la voluntad gubernamental para solucionar sus demandas. <a href=\"https:\/\/t.co\/ZAbWRTCWKb\">pic.twitter.com\/ZAbWRTCWKb<\/a><\/p>&mdash; Zona Roja Oaxaca (@ZonaRoja_Oaxaca) <a href=\"https:\/\/twitter.com\/ZonaRoja_Oaxaca\/status\/1790791985923563985?ref_src=twsrc%5Etfw\">15 de mayo de 2024<\/a><\/blockquote><\/div>\n<\/div><\/figure>\n","protected":false},"excerpt":{"rendered":"<p>Ismael Garc\u00eda M.\/Zona Roja. Oaxaca de Ju\u00e1rez, Oax., a 15 de mayo de 2024.- Como&hellip;<\/p>\n","protected":false},"author":2,"featured_media":68402,"comment_status":"closed","ping_status":"open","sticky":false,"template":"","format":"standard","meta":{"_lmt_disableupdate":"","_lmt_disable":"","_jetpack_memberships_contains_paid_content":false,"footnotes":""},"categories":[109,47],"tags":[312],"class_list":["post-68401","post","type-post","status-publish","format-standard","has-post-thumbnail","hentry","category-minuto-a-minuto","category-zona-gris","tag-seccion-22-del-snte"],"jetpack_featured_media_url":"https:\/\/zonaroja.com.mx\/wp-content\/uploads\/2024\/05\/Planton-magisterial-Seccion-22-Oaxaca.jpg","jetpack_sharing_enabled":true,"_links":{"self":[{"href":"https:\/\/zonaroja.com.mx\/index.php?rest_route=\/wp\/v2\/posts\/68401","targetHints":{"allow":["GET"]}}],"collection":[{"href":"https:\/\/zonaroja.com.mx\/index.php?rest_route=\/wp\/v2\/posts"}],"about":[{"href":"https:\/\/zonaroja.com.mx\/index.php?rest_route=\/wp\/v2\/types\/post"}],"author":[{"embeddable":true,"href":"https:\/\/zonaroja.com.mx\/index.php?rest_route=\/wp\/v2\/users\/2"}],"replies":[{"embeddable":true,"href":"https:\/\/zonaroja.com.mx\/index.php?rest_route=%2Fwp%2Fv2%2Fcomments&post=68401"}],"version-history":[{"count":1,"href":"https:\/\/zonaroja.com.mx\/index.php?rest_route=\/wp\/v2\/posts\/68401\/revisions"}],"predecessor-version":[{"id":68403,"href":"https:\/\/zonaroja.com.mx\/index.php?rest_route=\/wp\/v2\/posts\/68401\/revisions\/68403"}],"wp:featuredmedia":[{"embeddable":true,"href":"https:\/\/zonaroja.com.mx\/index.php?rest_route=\/wp\/v2\/media\/68402"}],"wp:attachment":[{"href":"https:\/\/zonaroja.com.mx\/index.php?rest_route=%2Fwp%2Fv2%2Fmedia&parent=68401"}],"wp:term":[{"taxonomy":"category","embeddable":true,"href":"https:\/\/zonaroja.com.mx\/index.php?rest_route=%2Fwp%2Fv2%2Fcategories&post=68401"},{"taxonomy":"post_tag","embeddable":true,"href":"https:\/\/zonaroja.com.mx\/index.php?rest_route=%2Fwp%2Fv2%2Ftags&post=68401"}],"curies":[{"name":"wp","href":"https:\/\/api.w.org\/{rel}","templated":true}]}}