{"id":68404,"date":"2024-05-15T22:18:14","date_gmt":"2024-05-16T04:18:14","guid":{"rendered":"https:\/\/zonaroja.com.mx\/?p=68404"},"modified":"2024-05-15T22:18:15","modified_gmt":"2024-05-16T04:18:15","slug":"tumba-tribunal-electoral-a-4-candidatos-a-diputados-por-falsear-que-eran-discapacitados","status":"publish","type":"post","link":"https:\/\/zonaroja.com.mx\/?p=68404","title":{"rendered":"Tumba Tribunal Electoral a 4 candidatos a diputados por falsear que eran discapacitados"},"content":{"rendered":"\n<p>Redacci\u00f3n\/Zona Roja.&nbsp;<\/p>\n\n\n\n<p>Oaxaca de Ju\u00e1rez, Oax., a 15 de mayo de 2024.- El Tribunal Electoral del Estado de Oaxaca (TEEO) revoc\u00f3 el registro de las candidaturas a diputaciones locales de cuatro ciudadanos, postulados por los partidos del Trabajo (PT), Nueva Alianza Oaxaca y Verde Ecologista de M\u00e9xico (PVEM), ya que no acreditaron tener una discapacidad permanente.<\/p>\n\n\n\n<p>Estas postulaciones hab\u00edan sido aprobadas por el Consejo General del Instituto Estatal Electoral y de Participaci\u00f3n Ciudadana (IEEPCO) como parte de las acciones afirmativas, en beneficio de las personas con discapacidad.<\/p>\n\n\n\n<p>En la resoluci\u00f3n del juicio ciudadano con clave JDC\/186\/2024, este \u00f3rgano jurisdiccional anul\u00f3 el registro de la candidatura de Heliodoro Caballero Valencia, a la segunda f\u00f3rmula suplente, por el principio de representaci\u00f3n proporcional, al Congreso del Estado, postulada por el PT.<\/p>\n\n\n\n<p>Argument\u00f3 que, de la constancia remitida para acreditar su discapacidad, se advirtieron diversas inconsistencias entre las que se encuentran, la falta de identificaci\u00f3n de la competencia o cargo que ejerce el especialista m\u00e9dico que expidi\u00f3 la constancia, adem\u00e1s que, en esta, no se indica que en la misma se haya certificado que la presunta condici\u00f3n del candidato, sea de la entidad para estimarse como permanente.<\/p>\n\n\n\n<p>Conforme a los lineamientos de la materia, agreg\u00f3, se hace necesario que sea una autoridad p\u00fablica competente, la que determine la discapacidad.<\/p>\n\n\n\n<p>Por otro lado, en el expediente JDC\/189\/2024, el pleno del TEEO cancel\u00f3, tambi\u00e9n, el registro de Linda Assiel Garc\u00eda Ju\u00e1rez como candidata suplente postulada por el Partido Nueva Alianza Oaxaca, por el distrito local 03, con sede en Loma Bonita Oaxaca.<\/p>\n\n\n\n<p>En este asunto, advirti\u00f3 que el Consejo General del IEEPCO no realiz\u00f3 un an\u00e1lisis debido relacionado con este registro, ello, porque, de las constancias que integran el expediente, se tiene que, no cumple con los requisitos establecidos en los Lineamientos, pues, no se acredita que tenga una incapacidad permanente.<\/p>\n\n\n\n<p>En tanto, en el juicio con clave JDC\/185\/2024, este Tribunal revoc\u00f3 los registros de Jos\u00e9 \u00c1ngel Castillo Cruz y Martin Albino Mendoza, candidatos por el principio de representaci\u00f3n proporcional, postulados por el Partido Verde Ecologista de M\u00e9xico.<\/p>\n\n\n\n<p>Refiri\u00f3 que estos ciudadanos no acreditaron, de manera certera, el requisito de discapacidad permanente, pues del an\u00e1lisis a las constancias remitidas para demostrarlo, no precisaron con exactitud cu\u00e1l es el motivo de la p\u00e9rdida de la agudeza visual, esto es, no existe certeza de una discapacidad en espec\u00edfico y, por ello no se advierte que materialmente tengan una condici\u00f3n de salud propia de un grupo de discapacidad.<\/p>\n","protected":false},"excerpt":{"rendered":"<p>Redacci\u00f3n\/Zona Roja.&nbsp; Oaxaca de Ju\u00e1rez, Oax., a 15 de mayo de 2024.- El Tribunal Electoral&hellip;<\/p>\n","protected":false},"author":2,"featured_media":68405,"comment_status":"closed","ping_status":"open","sticky":false,"template":"","format":"standard","meta":{"_lmt_disableupdate":"","_lmt_disable":"","_jetpack_memberships_contains_paid_content":false,"footnotes":""},"categories":[109,46],"tags":[2235],"class_list":["post-68404","post","type-post","status-publish","format-standard","has-post-thumbnail","hentry","category-minuto-a-minuto","category-zona-blanca","tag-tribunal-electoral-del-estado-de-oaxaca-teeo"],"jetpack_featured_media_url":"https:\/\/zonaroja.com.mx\/wp-content\/uploads\/2024\/05\/Tribunal-TEEO-Estado-de-Oaxaca-Electoral.jpeg","jetpack_sharing_enabled":true,"_links":{"self":[{"href":"https:\/\/zonaroja.com.mx\/index.php?rest_route=\/wp\/v2\/posts\/68404","targetHints":{"allow":["GET"]}}],"collection":[{"href":"https:\/\/zonaroja.com.mx\/index.php?rest_route=\/wp\/v2\/posts"}],"about":[{"href":"https:\/\/zonaroja.com.mx\/index.php?rest_route=\/wp\/v2\/types\/post"}],"author":[{"embeddable":true,"href":"https:\/\/zonaroja.com.mx\/index.php?rest_route=\/wp\/v2\/users\/2"}],"replies":[{"embeddable":true,"href":"https:\/\/zonaroja.com.mx\/index.php?rest_route=%2Fwp%2Fv2%2Fcomments&post=68404"}],"version-history":[{"count":1,"href":"https:\/\/zonaroja.com.mx\/index.php?rest_route=\/wp\/v2\/posts\/68404\/revisions"}],"predecessor-version":[{"id":68406,"href":"https:\/\/zonaroja.com.mx\/index.php?rest_route=\/wp\/v2\/posts\/68404\/revisions\/68406"}],"wp:featuredmedia":[{"embeddable":true,"href":"https:\/\/zonaroja.com.mx\/index.php?rest_route=\/wp\/v2\/media\/68405"}],"wp:attachment":[{"href":"https:\/\/zonaroja.com.mx\/index.php?rest_route=%2Fwp%2Fv2%2Fmedia&parent=68404"}],"wp:term":[{"taxonomy":"category","embeddable":true,"href":"https:\/\/zonaroja.com.mx\/index.php?rest_route=%2Fwp%2Fv2%2Fcategories&post=68404"},{"taxonomy":"post_tag","embeddable":true,"href":"https:\/\/zonaroja.com.mx\/index.php?rest_route=%2Fwp%2Fv2%2Ftags&post=68404"}],"curies":[{"name":"wp","href":"https:\/\/api.w.org\/{rel}","templated":true}]}}