{"id":6842,"date":"2019-12-21T09:31:05","date_gmt":"2019-12-21T15:31:05","guid":{"rendered":"http:\/\/www.zonaroja.com.mx\/?p=6842"},"modified":"2019-12-21T09:31:08","modified_gmt":"2019-12-21T15:31:08","slug":"oaxaca-refugio-de-capos-del-narcotrafico-morelos-vino-a-atrapar-a-uno","status":"publish","type":"post","link":"https:\/\/zonaroja.com.mx\/?p=6842","title":{"rendered":"Oaxaca, refugio de capos del narcotr\u00e1fico; Morelos vino a atrapar a uno"},"content":{"rendered":"\n<p>Redacci\u00f3n\/Zona\nRoja.<\/p>\n\n\n\n<p>Oaxaca de\nJu\u00e1rez, Oax., 21 de diciembre de 2019.- La entidad oaxaque\u00f1a se ha convertido\nen refugio de l\u00edderes del narcotr\u00e1fico, sin que las autoridades estatales\nact\u00faen.<\/p>\n\n\n\n<p>Ayer fue\natrapado uno de ellos en Puerto Escondido, Oaxaca, por parte de personal\nespecializado de la Fiscal\u00eda General del Estado de Morelos.<\/p>\n\n\n\n<p>Se trata\nde Edwin &#8216;N&#8217;, identificado como uno de los hijos de Santiago Mazari, \u201cEl\nCarrete\u201d, quien fue aprehendido por el delito de secuestro agravado cometido en\nseptiembre de 2019. <\/p>\n\n\n\n<p>La Fiscal\u00eda\nEspecializada para el Combate al Secuestro y Extorsi\u00f3n de Morelos ubic\u00f3 al hijo\nde \u201cEl Carrete\u201d en Puerto Escondido, tras realizar trabajos de inteligencia,\nan\u00e1lisis e investigaci\u00f3n, por lo que \u00fanicamente se inform\u00f3 a las autoridades de\nese estado sobre el operativo que llev\u00f3 a su captura. <\/p>\n\n\n\n<p>El\ndetenido ten\u00eda una orden de captura girada por un juez tras los hechos\nregistrados el 3 de septiembre de 2019 cuando \u00e9l, junto con otros sujetos\ningresaron a un inmueble del municipio de Amacuzac y secuestraron a dos\nj\u00f3venes, de 20 y 15 a\u00f1os.<\/p>\n\n\n\n<p>De\nacuerdo con las autoridades de Morelos, el hijo de Santiago Mazari y sus\nc\u00f3mplices llevaron a las v\u00edctimas a una casa de seguridad, que a\u00fan no est\u00e1\nidentificada, en la presuntamente las mataron e inhumaron. <\/p>\n\n\n\n<p>El\ndetenido fue trasladado de Oaxaca a Morelos e ingresado al Centro de\nReinserci\u00f3n Social \u201cMorelos\u201d, ubicado en el poblado de Atlacholoaya, municipio\nde Xochitepec, donde qued\u00f3 a disposici\u00f3n de un juez. <\/p>\n\n\n\n<p>Cabe\ndestacar que Edwin \u201cN\u201d, presuntamente, coordinaba diversas actividades de \u201cLos\nRojos\u201d en los municipios de Amacuzac y Puente de Ixtla, Morelos. <\/p>\n\n\n\n<p>El pasado\n1 de agosto, Santiago Mazari, \u201cEl Carrete\u201d, fue detenido por elementos de la\nPolic\u00eda Federal y del Ej\u00e9rcito en el municipio de Leonardo Bravo, Guerrero, ya\nque era acusado por los delitos de delincuencia organizada, contra la salud y\nsecuestro. <\/p>\n\n\n\n<p>Mazari\npermanece recluido en el penal de Puente Grande, Jalisco, y el pasado 8 de\nseptiembre un juez le dict\u00f3 el cuarto auto de formal prisi\u00f3n por su presunta\nresponsabilidad en el delito de delincuencia organizada y secuestro. <\/p>\n\n\n\n<p>Mientras\nque el 23 de septiembre Alexis Oswaldo, quien tambi\u00e9n es hijo del l\u00edder de \u201cLos\nRojos\u201d, fue detenido a la altura del Fraccionamiento Villas Atlixco, en la zona\nde Angel\u00f3polis, en Puebla.\n\n(Con informaci\u00f3n de \u201cMilenio\u201d)\n\n\n\n<\/p>\n","protected":false},"excerpt":{"rendered":"<p>Redacci\u00f3n\/Zona Roja. Oaxaca de Ju\u00e1rez, Oax., 21 de diciembre de 2019.- La entidad oaxaque\u00f1a se&hellip;<\/p>\n","protected":false},"author":2,"featured_media":6843,"comment_status":"closed","ping_status":"open","sticky":false,"template":"","format":"standard","meta":{"_lmt_disableupdate":"","_lmt_disable":"","_jetpack_memberships_contains_paid_content":false,"footnotes":""},"categories":[109,51],"tags":[1158],"class_list":["post-6842","post","type-post","status-publish","format-standard","has-post-thumbnail","hentry","category-minuto-a-minuto","category-zona-roja","tag-edwin-n-los-rojos"],"jetpack_featured_media_url":"https:\/\/zonaroja.com.mx\/wp-content\/uploads\/2019\/12\/Detenido-Edwin.jpg","jetpack_sharing_enabled":true,"_links":{"self":[{"href":"https:\/\/zonaroja.com.mx\/index.php?rest_route=\/wp\/v2\/posts\/6842","targetHints":{"allow":["GET"]}}],"collection":[{"href":"https:\/\/zonaroja.com.mx\/index.php?rest_route=\/wp\/v2\/posts"}],"about":[{"href":"https:\/\/zonaroja.com.mx\/index.php?rest_route=\/wp\/v2\/types\/post"}],"author":[{"embeddable":true,"href":"https:\/\/zonaroja.com.mx\/index.php?rest_route=\/wp\/v2\/users\/2"}],"replies":[{"embeddable":true,"href":"https:\/\/zonaroja.com.mx\/index.php?rest_route=%2Fwp%2Fv2%2Fcomments&post=6842"}],"version-history":[{"count":1,"href":"https:\/\/zonaroja.com.mx\/index.php?rest_route=\/wp\/v2\/posts\/6842\/revisions"}],"predecessor-version":[{"id":6844,"href":"https:\/\/zonaroja.com.mx\/index.php?rest_route=\/wp\/v2\/posts\/6842\/revisions\/6844"}],"wp:featuredmedia":[{"embeddable":true,"href":"https:\/\/zonaroja.com.mx\/index.php?rest_route=\/wp\/v2\/media\/6843"}],"wp:attachment":[{"href":"https:\/\/zonaroja.com.mx\/index.php?rest_route=%2Fwp%2Fv2%2Fmedia&parent=6842"}],"wp:term":[{"taxonomy":"category","embeddable":true,"href":"https:\/\/zonaroja.com.mx\/index.php?rest_route=%2Fwp%2Fv2%2Fcategories&post=6842"},{"taxonomy":"post_tag","embeddable":true,"href":"https:\/\/zonaroja.com.mx\/index.php?rest_route=%2Fwp%2Fv2%2Ftags&post=6842"}],"curies":[{"name":"wp","href":"https:\/\/api.w.org\/{rel}","templated":true}]}}