{"id":68422,"date":"2024-05-16T10:26:00","date_gmt":"2024-05-16T16:26:00","guid":{"rendered":"https:\/\/zonaroja.com.mx\/?p=68422"},"modified":"2024-05-16T08:28:14","modified_gmt":"2024-05-16T14:28:14","slug":"preocupa-al-pan-violencia-en-proceso-electoral-en-mexico","status":"publish","type":"post","link":"https:\/\/zonaroja.com.mx\/?p=68422","title":{"rendered":"Preocupa al PAN violencia en proceso electoral en M\u00e9xico"},"content":{"rendered":"\n<p>Ismael Garc\u00eda M.\/Zona Roja.<\/p>\n\n\n\n<p>Oaxaca de Ju\u00e1rez, Oax., a 16 de mayo de 2024.- El Partido Acci\u00f3n Nacional reiter\u00f3 su preocupaci\u00f3n por el clima de violencia que registra el proceso electoral en M\u00e9xico.<\/p>\n\n\n\n<p>Los integrantes de la alianza \u201cFuerza y Coraz\u00f3n por M\u00e9xico\u201d elaboraron un mapa de riesgos, que fue entregado a las instancias correspondientes, entre ellas el Instituto Nacional Electoral, para que se tomen las medidas de prevenci\u00f3n.<\/p>\n\n\n\n<p>\u201cSe busca que las elecciones puedan llevarse en paz; esta es una alerta temprana y oportuna para que el Estado garantice el voto libre, secreto y pac\u00edfico. El Estado debe ofrecer las garant\u00edas suficientes para que la gente salga a votar\u201d, asever\u00f3 la presidenta del PAN en Oaxaca, Perla Woolrich Fern\u00e1ndez.<\/p>\n\n\n\n<p>En conferencia de prensa de este mi\u00e9rcoles, agreg\u00f3 que a\u00fan hay tiempo de reorientar el actual proceso comicial, por lo que pidi\u00f3 que pidi\u00f3 a las autoridades que ya no sean omisas, \u201cpor favor\u201d.<\/p>\n\n\n\n<p>\u201cNos preocupa la descalificaci\u00f3n del problema, que se hace desde las instituciones de este pa\u00eds, principalmente la Secretar\u00eda de Seguridad, y que no se hayan tomado medidas\u201d, detall\u00f3.<\/p>\n\n\n\n<p>Entre otros casos, detall\u00f3, por ejemplo, que Quintana Roo tiene el 93 por ciento de secciones electorales en riesgo; Tabasco el 85 por ciento; Guerrero 83.57 por ciento; Zacatecas 79 por ciento; Ciudad de M\u00e9xico 55.39 por ciento y Veracruz 55 por ciento.<\/p>\n\n\n\n<p>En el caso de Oaxaca, Perla Woolrich abund\u00f3 que hay \u00e1reas de riesgo concretamente en las regiones Istmo de Tehuantepec, Cuenca del Papaloapan, Costa, Mixteca, Valles Centrales y Sierra Sur donde se focaliza m\u00e1s la violencia.<\/p>\n\n\n\n<p>Por ejemplo en la zona istme\u00f1a es donde m\u00e1s peligro hay, como el caso de los Chimalapas; en los Valles Centrales, est\u00e1n los distritos de Ejutla y de Ocotl\u00e1n.<\/p>\n\n\n\n<p>En concreto, en Oaxaca son 193 secciones en foco rojo, que es el 7.1 por ciento, por lo cual se debe incrementar la seguridad.<\/p>\n\n\n\n<p>\u201cEn esta elecci\u00f3n no s\u00f3lo enfrentamos a quienes rechazan la democracia sino tambi\u00e9n a la violencia que amenaza al pa\u00eds. En las 32 entidades mucho del territorio nacional est\u00e1 dominado por el crimen organizado, que ya sabemos qui\u00e9n es precisamente la cabeza\u201d, dijo.<\/p>\n\n\n\n<p>Agreg\u00f3 que el miedo no debe paralizar a nadie para ir a votar y pidi\u00f3 a la sociedad que sea precisamente este miedo que la impuse a acudir a las urnas.<\/p>\n\n\n\n<p>\u00a0\u201cSentimos que ya no debemos permitir que este mal gobierno, del se\u00f1or Andr\u00e9s Manuel L\u00f3pez Obrador, debe terminar\u201d, manifest\u00f3.<\/p>\n\n\n\n<figure class=\"wp-block-embed is-type-rich is-provider-twitter wp-block-embed-twitter\"><div class=\"wp-block-embed__wrapper\">\n<div class=\"twitter-tweet\"><blockquote class=\"twitter-tweet\" data-lang=\"es\"><p lang=\"es\" dir=\"ltr\">La inseguridad y violencia va creciendo de manera alarmante en el pa\u00eds, en pleno proceso electoral, advirti\u00f3 la presidenta del <a href=\"https:\/\/twitter.com\/PANOaxaca?ref_src=twsrc%5Etfw\">@PANOaxaca<\/a>, <a href=\"https:\/\/twitter.com\/PerlaWoolrich?ref_src=twsrc%5Etfw\">@PerlaWoolrich<\/a>, al presentar un mapa de riesgos elaborado por la alianza \u201cFuerza y Coraz\u00f3n por M\u00e9xico\u201d.<br>\u201cEsta es una alerta temprana y\u2026 <a href=\"https:\/\/t.co\/mxjLheMsEz\">pic.twitter.com\/mxjLheMsEz<\/a><\/p>&mdash; Zona Roja Oaxaca (@ZonaRoja_Oaxaca) <a href=\"https:\/\/twitter.com\/ZonaRoja_Oaxaca\/status\/1790924751411552368?ref_src=twsrc%5Etfw\">16 de mayo de 2024<\/a><\/blockquote><\/div>\n<\/div><\/figure>\n","protected":false},"excerpt":{"rendered":"<p>Ismael Garc\u00eda M.\/Zona Roja. Oaxaca de Ju\u00e1rez, Oax., a 16 de mayo de 2024.- El&hellip;<\/p>\n","protected":false},"author":2,"featured_media":68423,"comment_status":"closed","ping_status":"open","sticky":false,"template":"","format":"standard","meta":{"_lmt_disableupdate":"","_lmt_disable":"","_jetpack_memberships_contains_paid_content":false,"footnotes":""},"categories":[109,46],"tags":[3874],"class_list":["post-68422","post","type-post","status-publish","format-standard","has-post-thumbnail","hentry","category-minuto-a-minuto","category-zona-blanca","tag-perla-woolrich"],"jetpack_featured_media_url":"https:\/\/zonaroja.com.mx\/wp-content\/uploads\/2024\/05\/Perla-Woolrich-conferencia-PAN.jpg","jetpack_sharing_enabled":true,"_links":{"self":[{"href":"https:\/\/zonaroja.com.mx\/index.php?rest_route=\/wp\/v2\/posts\/68422","targetHints":{"allow":["GET"]}}],"collection":[{"href":"https:\/\/zonaroja.com.mx\/index.php?rest_route=\/wp\/v2\/posts"}],"about":[{"href":"https:\/\/zonaroja.com.mx\/index.php?rest_route=\/wp\/v2\/types\/post"}],"author":[{"embeddable":true,"href":"https:\/\/zonaroja.com.mx\/index.php?rest_route=\/wp\/v2\/users\/2"}],"replies":[{"embeddable":true,"href":"https:\/\/zonaroja.com.mx\/index.php?rest_route=%2Fwp%2Fv2%2Fcomments&post=68422"}],"version-history":[{"count":1,"href":"https:\/\/zonaroja.com.mx\/index.php?rest_route=\/wp\/v2\/posts\/68422\/revisions"}],"predecessor-version":[{"id":68424,"href":"https:\/\/zonaroja.com.mx\/index.php?rest_route=\/wp\/v2\/posts\/68422\/revisions\/68424"}],"wp:featuredmedia":[{"embeddable":true,"href":"https:\/\/zonaroja.com.mx\/index.php?rest_route=\/wp\/v2\/media\/68423"}],"wp:attachment":[{"href":"https:\/\/zonaroja.com.mx\/index.php?rest_route=%2Fwp%2Fv2%2Fmedia&parent=68422"}],"wp:term":[{"taxonomy":"category","embeddable":true,"href":"https:\/\/zonaroja.com.mx\/index.php?rest_route=%2Fwp%2Fv2%2Fcategories&post=68422"},{"taxonomy":"post_tag","embeddable":true,"href":"https:\/\/zonaroja.com.mx\/index.php?rest_route=%2Fwp%2Fv2%2Ftags&post=68422"}],"curies":[{"name":"wp","href":"https:\/\/api.w.org\/{rel}","templated":true}]}}