{"id":68425,"date":"2024-05-16T13:29:00","date_gmt":"2024-05-16T19:29:00","guid":{"rendered":"https:\/\/zonaroja.com.mx\/?p=68425"},"modified":"2024-05-16T08:31:54","modified_gmt":"2024-05-16T14:31:54","slug":"en-4-meses-mas-de-30-mil-ninos-cruzan-la-selva-del-darien-unicef","status":"publish","type":"post","link":"https:\/\/zonaroja.com.mx\/?p=68425","title":{"rendered":"En 4 meses, m\u00e1s de 30 mil ni\u00f1os cruzan la selva del Dari\u00e9n: Unicef"},"content":{"rendered":"\n<p>Redacci\u00f3n\/Zona Roja Cdmx.<\/p>\n\n\n\n<p>Ciudad de M\u00e9xico, a 16 de mayo de 2024.- M\u00e1s de 30 mil ni\u00f1os migrantes cruzaron la inh\u00f3spita selva paname\u00f1a del Dari\u00e9n, para llegar a Estados Unidos, en el primer cuatrimestre de 2024, lo que representa un aumento de 40 por ciento en comparaci\u00f3n al mismo periodo del a\u00f1o anterior, denunci\u00f3 ayer el Fondo de Naciones Unidas para la Infancia (Unicef).<\/p>\n\n\n\n<p>De esos 30 mil menores, cerca de 2 mil llegaron a Panam\u00e1 solos o separados de sus familias, el triple que en el primer cuatrimestre de 2023, de acuerdo con la agencia de Naciones Unidas.<\/p>\n\n\n\n<p>El Tap\u00f3n del Dari\u00e9n, frontera selv\u00e1tica de 266 kil\u00f3metros de longitud y 575 mil hect\u00e1reas de superficie, se ha convertido en los \u00faltimos a\u00f1os en un corredor para los migrantes que desde Sudam\u00e9rica tratan de llegar a Estados Unidos.<\/p>\n\n\n\n<p>En 2023, m\u00e1s de 520 mil personas cruzaron la selva, pese a que enfrentan peligros como animales salvajes, r\u00edos caudalosos y grupos criminales.<\/p>\n\n\n\n<p>\u201cEl Tap\u00f3n del Dari\u00e9n no es un lugar para ni\u00f1os, muchos de ellos han muerto en este peligroso viaje\u201d, lament\u00f3 el director ejecutivo adjunto de Unicef, Ted Chaiban.<\/p>\n\n\n\n<p>En lo que va de a\u00f1o, m\u00e1s de 150 mil migrantes cruzaron esta ruta. La mayor\u00eda son venezolanos, adem\u00e1s de haitianos, ecuatorianos y colombianos. Tambi\u00e9n hay asi\u00e1ticos, principalmente chinos, y africanos.<\/p>\n\n\n\n<p>El presidente electo de Panam\u00e1, Jos\u00e9 Ra\u00fal Mulino, quien debe asumir el cargo el 1\u00ba de julio, prometi\u00f3 deportar a los migrantes que ingresen al pa\u00eds por el Dari\u00e9n.<\/p>\n\n\n\n<p>M\u00e9dicos Sin Fronteras denunci\u00f3 este a\u00f1o un incremento en las violaciones de mujeres en esta zona selv\u00e1tica. Human Rights Watch acus\u00f3 a Panam\u00e1 y Colombia de no proteger a los migrantes, lo que fue rechazado por ambos gobiernos.<\/p>\n\n\n\n<p>Unicef cree que a este ritmo unas 800 mil personas, entre ellos 160 mil ni\u00f1os, podr\u00edan cruzar la jungla paname\u00f1a este a\u00f1o, lo que requerir\u00e1 de mucha asistencia humanitaria.<\/p>\n\n\n\n<p>En Washigton, la Oficina de Aduanas y Protecci\u00f3n Fronteriza de Estados Unidos inform\u00f3 que en abril se registraron 128 mil 884 detenciones de migrantes en la frontera con M\u00e9xico, en comparaci\u00f3n con 137 mil 480 en marzo, y apenas la mitad de los 249 mil 737 en diciembre.<\/p>\n\n\n\n<p>Si bien esta cifra sigue siendo elevada, el marcado declive de detenciones desde finales de diciembre es una buena noticia para el presidente Joe Biden en un tema crucial que lo ha asediado en las encuestas durante un a\u00f1o electoral.<\/p>\n\n\n\n<p>(Informaci\u00f3n de la agencia AFP en \u201cLa Jornada\u201d)<\/p>\n","protected":false},"excerpt":{"rendered":"<p>Redacci\u00f3n\/Zona Roja Cdmx. Ciudad de M\u00e9xico, a 16 de mayo de 2024.- M\u00e1s de 30&hellip;<\/p>\n","protected":false},"author":2,"featured_media":68426,"comment_status":"closed","ping_status":"open","sticky":false,"template":"","format":"standard","meta":{"_lmt_disableupdate":"","_lmt_disable":"","_jetpack_memberships_contains_paid_content":false,"footnotes":""},"categories":[109,47],"tags":[],"class_list":["post-68425","post","type-post","status-publish","format-standard","has-post-thumbnail","hentry","category-minuto-a-minuto","category-zona-gris"],"jetpack_featured_media_url":"https:\/\/zonaroja.com.mx\/wp-content\/uploads\/2024\/05\/Migrantes-selva-de-Darien.jpg","jetpack_sharing_enabled":true,"_links":{"self":[{"href":"https:\/\/zonaroja.com.mx\/index.php?rest_route=\/wp\/v2\/posts\/68425","targetHints":{"allow":["GET"]}}],"collection":[{"href":"https:\/\/zonaroja.com.mx\/index.php?rest_route=\/wp\/v2\/posts"}],"about":[{"href":"https:\/\/zonaroja.com.mx\/index.php?rest_route=\/wp\/v2\/types\/post"}],"author":[{"embeddable":true,"href":"https:\/\/zonaroja.com.mx\/index.php?rest_route=\/wp\/v2\/users\/2"}],"replies":[{"embeddable":true,"href":"https:\/\/zonaroja.com.mx\/index.php?rest_route=%2Fwp%2Fv2%2Fcomments&post=68425"}],"version-history":[{"count":1,"href":"https:\/\/zonaroja.com.mx\/index.php?rest_route=\/wp\/v2\/posts\/68425\/revisions"}],"predecessor-version":[{"id":68427,"href":"https:\/\/zonaroja.com.mx\/index.php?rest_route=\/wp\/v2\/posts\/68425\/revisions\/68427"}],"wp:featuredmedia":[{"embeddable":true,"href":"https:\/\/zonaroja.com.mx\/index.php?rest_route=\/wp\/v2\/media\/68426"}],"wp:attachment":[{"href":"https:\/\/zonaroja.com.mx\/index.php?rest_route=%2Fwp%2Fv2%2Fmedia&parent=68425"}],"wp:term":[{"taxonomy":"category","embeddable":true,"href":"https:\/\/zonaroja.com.mx\/index.php?rest_route=%2Fwp%2Fv2%2Fcategories&post=68425"},{"taxonomy":"post_tag","embeddable":true,"href":"https:\/\/zonaroja.com.mx\/index.php?rest_route=%2Fwp%2Fv2%2Ftags&post=68425"}],"curies":[{"name":"wp","href":"https:\/\/api.w.org\/{rel}","templated":true}]}}