{"id":68428,"date":"2024-05-16T12:00:00","date_gmt":"2024-05-16T18:00:00","guid":{"rendered":"https:\/\/zonaroja.com.mx\/?p=68428"},"modified":"2024-05-16T08:35:24","modified_gmt":"2024-05-16T14:35:24","slug":"sentencian-a-116-anos-de-prision-a-multihomicida-en-oaxaca","status":"publish","type":"post","link":"https:\/\/zonaroja.com.mx\/?p=68428","title":{"rendered":"Sentencian a 116 a\u00f1os de prisi\u00f3n a multihomicida en Oaxaca"},"content":{"rendered":"\n<p>Redacci\u00f3n\/Zona Roja.<\/p>\n\n\n\n<p>Oaxaca de Ju\u00e1rez, Oax., 15 de mayo de 2024.- Derivado del trabajo ministerial que realiza la Fiscal\u00eda General del Estado de Oaxaca (FGEO) se obtuvo sentencia condenatoria de 116 a\u00f1os y ocho meses de prisi\u00f3n en contra de una persona del sexo masculino identificada como P.I.R., alias el \u00abDemonio\u00bb, por los delitos de homicidio calificado con las agravantes de premeditaci\u00f3n, ventaja y alevos\u00eda as\u00ed como por tentativa de homicidio calificado con las agravantes de premeditaci\u00f3n, ventaja y alevos\u00eda, en agravio de cuatro personas, hechos ocurridos en la regi\u00f3n de los Valles Centrales.<\/p>\n\n\n\n<p>De acuerdo con el expediente penal del caso, los hechos ocurrieron el 1 de abril de 2016, en la Unidad Deportiva del municipio de Tlalixtac de Cabrera municipio conurbada de la ciudad capital, lugar a donde lleg\u00f3 P.I.R., y atac\u00f3 con disparos de arma de fuego a sus v\u00edctimas, provocando la muerte de dos personas identificadas como C.A.L.L. y E.C.C., adem\u00e1s de provocar lesiones a otras dos personas identificadas por las iniciales O.L.C. y J.A.A.M.<\/p>\n\n\n\n<p>Ante los hechos, la FGEO tom\u00f3 conocimiento del caso y a trav\u00e9s de la Fiscal\u00eda Especializada en Delitos de Alto Impacto se realizaron las investigaciones que permitieron aprehender al imputado y presentarlo ante el Juez de la causa.<\/p>\n\n\n\n<p>Luego de evaluar y analizar los datos de prueba que present\u00f3 la FGEO, el Juez dict\u00f3 sentencia condenatoria de 116 a\u00f1os y 08 meses de prisi\u00f3n en contra de P.I.R., por su responsabilidad en la comisi\u00f3n de los delitos de homicidio calificado con las agravantes de premeditaci\u00f3n, ventaja y alevos\u00eda y por tentativa de homicidio calificado con las agravantes de premeditaci\u00f3n, ventaja y alevos\u00eda.<\/p>\n\n\n\n<p>Adem\u00e1s, impuso el pago de la reparaci\u00f3n del da\u00f1o por la cantidad de 173 mil 104 pesos con 80 centavos por cada uno de los ofendidos, monto que suma un total de 692 mil 419 pesos con 02 centavos, por concepto del pago de reparaci\u00f3n del da\u00f1o en abstracto.<\/p>\n\n\n\n<p>OTRO POR 25 A\u00d1OS<\/p>\n\n\n\n<p>En otro caso y derivado del trabajo ministerial en materia de violencia sexual contra las infancias, la Fiscal\u00eda General obtuvo un fallo condenatorio de 25 a\u00f1os de prisi\u00f3n en contra de una persona del sexo masculino identificado como T.P.C., por su responsabilidad en los delitos de violaci\u00f3n, pederastia, delitos contra la dignidad y el desarrollo de las personas menores de edad, as\u00ed como privaci\u00f3n ilegal de la libertad, hechos ocurridos en la regi\u00f3n de la Cuenca del Papaloapan.<\/p>\n\n\n\n<p>De acuerdo con la causa penal del caso, los hechos ocurrieron en una comunidad del municipio de Loma Bonita, donde el imputado llev\u00f3 a su casa a la v\u00edctima (un menor de edad cuya identidad est\u00e1 reservada por ley) a quien, adem\u00e1s de agredir f\u00edsica, psicol\u00f3gica y sexualmente, lo mantuvo en cautiverio por casi dos meses.<\/p>\n\n\n\n<p>Ante los hechos, la FGEO tom\u00f3 conocimiento del caso e inici\u00f3 los trabajos ministeriales al respecto, y una vez desahogadas las pruebas se logr\u00f3 obtener y ejecutar la orden de aprehensi\u00f3n con lo cual fue posible presentar al imputado ante el Juez.<\/p>\n\n\n\n<p>Una vez valoradas las pruebas, el Juez dict\u00f3 fallo condenatorio de 25 a\u00f1os de prisi\u00f3n en contra de T.P.C., adem\u00e1s de imponer una multa econ\u00f3mica y el pago por reparaci\u00f3n del da\u00f1o luego de demostrar su responsabilidad en la comisi\u00f3n de los delitos de violaci\u00f3n, pederastia, delitos contra la dignidad y el desarrollo de las personas menores de edad, as\u00ed como privaci\u00f3n ilegal de la libertad.<\/p>\n","protected":false},"excerpt":{"rendered":"<p>Redacci\u00f3n\/Zona Roja. Oaxaca de Ju\u00e1rez, Oax., 15 de mayo de 2024.- Derivado del trabajo ministerial&hellip;<\/p>\n","protected":false},"author":2,"featured_media":67819,"comment_status":"closed","ping_status":"open","sticky":false,"template":"","format":"standard","meta":{"_lmt_disableupdate":"","_lmt_disable":"","_jetpack_memberships_contains_paid_content":false,"footnotes":""},"categories":[109,46],"tags":[494],"class_list":["post-68428","post","type-post","status-publish","format-standard","has-post-thumbnail","hentry","category-minuto-a-minuto","category-zona-blanca","tag-fiscalia-general-del-estado-de-oaxaca"],"jetpack_featured_media_url":"https:\/\/zonaroja.com.mx\/wp-content\/uploads\/2024\/04\/Prision-carcel.jpeg","jetpack_sharing_enabled":true,"_links":{"self":[{"href":"https:\/\/zonaroja.com.mx\/index.php?rest_route=\/wp\/v2\/posts\/68428","targetHints":{"allow":["GET"]}}],"collection":[{"href":"https:\/\/zonaroja.com.mx\/index.php?rest_route=\/wp\/v2\/posts"}],"about":[{"href":"https:\/\/zonaroja.com.mx\/index.php?rest_route=\/wp\/v2\/types\/post"}],"author":[{"embeddable":true,"href":"https:\/\/zonaroja.com.mx\/index.php?rest_route=\/wp\/v2\/users\/2"}],"replies":[{"embeddable":true,"href":"https:\/\/zonaroja.com.mx\/index.php?rest_route=%2Fwp%2Fv2%2Fcomments&post=68428"}],"version-history":[{"count":1,"href":"https:\/\/zonaroja.com.mx\/index.php?rest_route=\/wp\/v2\/posts\/68428\/revisions"}],"predecessor-version":[{"id":68429,"href":"https:\/\/zonaroja.com.mx\/index.php?rest_route=\/wp\/v2\/posts\/68428\/revisions\/68429"}],"wp:featuredmedia":[{"embeddable":true,"href":"https:\/\/zonaroja.com.mx\/index.php?rest_route=\/wp\/v2\/media\/67819"}],"wp:attachment":[{"href":"https:\/\/zonaroja.com.mx\/index.php?rest_route=%2Fwp%2Fv2%2Fmedia&parent=68428"}],"wp:term":[{"taxonomy":"category","embeddable":true,"href":"https:\/\/zonaroja.com.mx\/index.php?rest_route=%2Fwp%2Fv2%2Fcategories&post=68428"},{"taxonomy":"post_tag","embeddable":true,"href":"https:\/\/zonaroja.com.mx\/index.php?rest_route=%2Fwp%2Fv2%2Ftags&post=68428"}],"curies":[{"name":"wp","href":"https:\/\/api.w.org\/{rel}","templated":true}]}}