{"id":68433,"date":"2024-05-16T19:42:11","date_gmt":"2024-05-17T01:42:11","guid":{"rendered":"https:\/\/zonaroja.com.mx\/?p=68433"},"modified":"2024-05-16T19:42:13","modified_gmt":"2024-05-17T01:42:13","slug":"localizan-en-oaxaca-a-adolescente-enganchada-por-redes-sociales-en-queretaro","status":"publish","type":"post","link":"https:\/\/zonaroja.com.mx\/?p=68433","title":{"rendered":"Localizan en Oaxaca a adolescente enganchada por redes sociales en Quer\u00e9taro"},"content":{"rendered":"\n<p>Redacci\u00f3n\/Zona Roja.<\/p>\n\n\n\n<p>Oaxaca de Ju\u00e1rez, Oax., 16 de mayo de 2024.- Una adolescente de 12 a\u00f1os de edad fue enganchada hace dos d\u00edas en el estado de Quer\u00e9taro v\u00eda redes sociales y fue localizada en Oaxaca.<\/p>\n\n\n\n<p>De acuerdo con la Fiscal\u00eda General del Estado de Oaxaca (FGEO), tras la petici\u00f3n de colaboraci\u00f3n, de inmediato se realiz\u00f3 labores de b\u00fasqueda y localizaci\u00f3n, de manera coordinada con la Fiscal\u00eda General del Estado de Quer\u00e9taro.<\/p>\n\n\n\n<p>En un comunicado, abund\u00f3 que fue encontrada en la capital de Oaxaca, menos de 48 horas despu\u00e9s de recibir la denuncia del caso.<\/p>\n\n\n\n<p>De acuerdo con las investigaciones al respecto, la adolescente sali\u00f3 de su casa la noche del pasado 13 de mayo de 2024, localizada en la zona conocida como San Francisquito, de la ciudad de Santiago de Quer\u00e9taro, perteneciente a Quer\u00e9taro.&nbsp;<\/p>\n\n\n\n<p>A partir de ese momento, el padre de la v\u00edctima acudi\u00f3 a la Fiscal\u00eda de Quer\u00e9taro para denunciar la ausencia y, luego de establecer que la adolescente podr\u00eda encontrarse en la ciudad de Oaxaca, se emiti\u00f3 un oficio de colaboraci\u00f3n con la FGEO.<\/p>\n\n\n\n<p>Gracias a lo anterior, la Fiscal\u00eda de Oaxaca dispuso de elementos de la Agencia Estatal de Investigaciones (AEI) y de la Unidad de B\u00fasqueda de Personas No Localizadas (DNOL), de la Vicefiscal\u00eda General de Atenci\u00f3n a V\u00edctimas, as\u00ed tambi\u00e9n con la colaboraci\u00f3n de la Sociedad, que localizaron y resguardaron a la v\u00edctima.<\/p>\n\n\n\n<p>De acuerdo con el resultado de las investigaciones realizadas por la FGEO y la Fiscal\u00eda de Quer\u00e9taro, la v\u00edctima habr\u00eda sido enganchada a trav\u00e9s de redes sociales, para luego trasladarla al sureste del pa\u00eds, donde fue rescatada.<\/p>\n\n\n\n<p>Tras dar con el paradero de la v\u00edctima, \u00e9sta fue puesta a disposici\u00f3n del Agente del Ministerio P\u00fablico para realizar las diligencias correspondientes para que, a la brevedad, sea trasladada a Santiago de Quer\u00e9taro para ser restituida con su familia.<\/p>\n","protected":false},"excerpt":{"rendered":"<p>Redacci\u00f3n\/Zona Roja. Oaxaca de Ju\u00e1rez, Oax., 16 de mayo de 2024.- Una adolescente de 12&hellip;<\/p>\n","protected":false},"author":2,"featured_media":68434,"comment_status":"closed","ping_status":"open","sticky":false,"template":"","format":"standard","meta":{"_lmt_disableupdate":"","_lmt_disable":"","_jetpack_memberships_contains_paid_content":false,"footnotes":""},"categories":[109,46],"tags":[494],"class_list":["post-68433","post","type-post","status-publish","format-standard","has-post-thumbnail","hentry","category-minuto-a-minuto","category-zona-blanca","tag-fiscalia-general-del-estado-de-oaxaca"],"jetpack_featured_media_url":"https:\/\/zonaroja.com.mx\/wp-content\/uploads\/2024\/05\/Redes-sociales-enganchada.jpeg","jetpack_sharing_enabled":true,"_links":{"self":[{"href":"https:\/\/zonaroja.com.mx\/index.php?rest_route=\/wp\/v2\/posts\/68433","targetHints":{"allow":["GET"]}}],"collection":[{"href":"https:\/\/zonaroja.com.mx\/index.php?rest_route=\/wp\/v2\/posts"}],"about":[{"href":"https:\/\/zonaroja.com.mx\/index.php?rest_route=\/wp\/v2\/types\/post"}],"author":[{"embeddable":true,"href":"https:\/\/zonaroja.com.mx\/index.php?rest_route=\/wp\/v2\/users\/2"}],"replies":[{"embeddable":true,"href":"https:\/\/zonaroja.com.mx\/index.php?rest_route=%2Fwp%2Fv2%2Fcomments&post=68433"}],"version-history":[{"count":1,"href":"https:\/\/zonaroja.com.mx\/index.php?rest_route=\/wp\/v2\/posts\/68433\/revisions"}],"predecessor-version":[{"id":68435,"href":"https:\/\/zonaroja.com.mx\/index.php?rest_route=\/wp\/v2\/posts\/68433\/revisions\/68435"}],"wp:featuredmedia":[{"embeddable":true,"href":"https:\/\/zonaroja.com.mx\/index.php?rest_route=\/wp\/v2\/media\/68434"}],"wp:attachment":[{"href":"https:\/\/zonaroja.com.mx\/index.php?rest_route=%2Fwp%2Fv2%2Fmedia&parent=68433"}],"wp:term":[{"taxonomy":"category","embeddable":true,"href":"https:\/\/zonaroja.com.mx\/index.php?rest_route=%2Fwp%2Fv2%2Fcategories&post=68433"},{"taxonomy":"post_tag","embeddable":true,"href":"https:\/\/zonaroja.com.mx\/index.php?rest_route=%2Fwp%2Fv2%2Ftags&post=68433"}],"curies":[{"name":"wp","href":"https:\/\/api.w.org\/{rel}","templated":true}]}}