{"id":68436,"date":"2024-05-16T20:55:16","date_gmt":"2024-05-17T02:55:16","guid":{"rendered":"https:\/\/zonaroja.com.mx\/?p=68436"},"modified":"2024-05-16T20:55:18","modified_gmt":"2024-05-17T02:55:18","slug":"fantasma-del-2006-y-2016-resurge-en-oaxaca-violencia-magisterial-hasta-contra-periodistas","status":"publish","type":"post","link":"https:\/\/zonaroja.com.mx\/?p=68436","title":{"rendered":"Fantasma del 2006 y 2016 resurge en Oaxaca: violencia magisterial hasta contra periodistas"},"content":{"rendered":"\n<p>Raymundo Morales\/Zona Roja.<\/p>\n\n\n\n<p>Oaxaca de Ju\u00e1rez, Oax., a 16 de mayo de 2024.- Brigadas que recorren calles quitando propaganda electoral; saqueo de oficinas partidistas; agresi\u00f3n a periodistas; bloqueo a comercios, quema de materiales en el z\u00f3calo de la ciudad de Oaxaca\u2026<\/p>\n\n\n\n<p>El fantasma del 2006 y del 2016 recorre de nuevo calles, colonias y avenidas de la capital y zona metropolitana.<\/p>\n\n\n\n<p>Es apenas el segundo d\u00eda de \u201cplant\u00f3n\u201d y paro de labores de la Secci\u00f3n 22 del SNTE, que decidi\u00f3 este jueves radicalizar sus acciones, mientras la dirigencia estatal y la Coordinadora Nacional de Trabajadores de la Educaci\u00f3n (CNTE se reun\u00eda en Palacio Nacional con el Presidente Andr\u00e9s Manuel L\u00f3pez Obrador.<\/p>\n\n\n\n<p>Desde temprana hora, un grupo de encapuchados, presuntos normalistas y maestros, se apoder\u00f3 de la caseta de peaje Huitzo de la supercarretera Oaxaca-Cuacnopalan.<\/p>\n\n\n\n<p>Despu\u00e9s de las nueve de la ma\u00f1ana, desde el z\u00f3calo se comenzaron a desplegar brigadas del magisterio hacia distintos puntos de la zona metropolitana; unos en veh\u00edculo y otros en camiones de pasajeros de los que se apoderaron.<\/p>\n\n\n\n<p>Unos para quitar propaganda electoral, otros para saquear oficinas; otros m\u00e1s para bloquear sedes de partidos pol\u00edticos y otros para cerrar centros comerciales por m\u00e1s de seis horas.<\/p>\n\n\n\n<p>En la avenida L\u00e1zaro C\u00e1rdenas, un contingente saque\u00f3 las oficinas del candidato a edil de Santa Luc\u00eda del Camino, Juan Carlos Garc\u00eda M\u00e1rquez, acci\u00f3n que documentaba el fotorreportero Hugo Velasco.<\/p>\n\n\n\n<p>Sin embargo, de inmediato los maestros se avalanzaron sobre \u00e9l y uno de ellos lo empuj\u00f3 y le quit\u00f3 los dos tel\u00e9fonos, con uno de los cuales logr\u00f3 transmitir la agresi\u00f3n; el periodista logr\u00f3 recuperar un equipo, mientras los docentes huyeron.<\/p>\n\n\n\n<p>Los colegas periodistas tuvieron que unirse y acudir hasta el monumento a don Benito Ju\u00e1rez, crucero de las carreteras 175 y 190, en la zona oriente de la capital, para solicitar que devolvieran a Hugo Velasco el otro tel\u00e9fono.<\/p>\n\n\n\n<p>Mientras tanto, otra brigada lleg\u00f3 al z\u00f3calo de la ciudad, amonton\u00f3 la propaganda electoral recolectada y le prendi\u00f3 fuego, entre arengas.<\/p>\n\n\n\n<p>La escena fue captada en video por dos periodistas, uno de ellos Ismael Garc\u00eda, de ZONA ROJA, quien fue increpado por uno de los docentes, que pretend\u00eda arrebatarle el tel\u00e9fono celular; tras identificarse el comunicador, fue dejado en libertad.<\/p>\n\n\n\n<p>La jornada violenta de la Secci\u00f3n 22 del SNTE amain\u00f3 despu\u00e9s de las 14:00 horas y poco a poco retornaron al Centro Hist\u00f3rico de la capital oaxaque\u00f1a.<\/p>\n\n\n\n<p>En la Ciudad de M\u00e9xico, la representaci\u00f3n de la CNTE, incluida la dirigente sindical de Oaxaca, Yenny Aracely P\u00e9rez, salieron del Palacio Nacional sin respuestas positivas.<\/p>\n\n\n\n<p>Despu\u00e9s de reunirse con el Presidente Andr\u00e9s Manuel L\u00f3pez Obrador y otras autoridades federales, expusieron a la prensa que continuar\u00e1n las movilizaciones.<\/p>\n\n\n\n<p>Por lo que en Oaxaca, ya preparan otro \u201cmen\u00fa\u201d de acciones para este viernes y el fin de semana.<\/p>\n\n\n\n<figure class=\"wp-block-embed is-type-rich is-provider-twitter wp-block-embed-twitter\"><div class=\"wp-block-embed__wrapper\">\n<div class=\"twitter-tweet\"><blockquote class=\"twitter-tweet\" data-lang=\"es\"><p lang=\"es\" dir=\"ltr\">2. Tambi\u00e9n el periodista <a href=\"https:\/\/twitter.com\/hugovelasco18?ref_src=twsrc%5Etfw\">@hugovelasco18<\/a> fue agredido por una brigada de la Secci\u00f3n 22 del SNTE, cuando cubr\u00eda en retiro de propaganda electoral, en la avenida L\u00e1zaro C\u00e1rdenas de Santa Luc\u00eda del Camino, municipio conurbado a la ciudad de Oaxaca. <a href=\"https:\/\/twitter.com\/article19mex?ref_src=twsrc%5Etfw\">@article19mex<\/a> <a href=\"https:\/\/twitter.com\/DDHPO?ref_src=twsrc%5Etfw\">@DDHPO<\/a> <a href=\"https:\/\/twitter.com\/CNDH?ref_src=twsrc%5Etfw\">@CNDH<\/a>\u2026 <a href=\"https:\/\/t.co\/b6QDnU8uaD\">pic.twitter.com\/b6QDnU8uaD<\/a><\/p>&mdash; Zona Roja Oaxaca (@ZonaRoja_Oaxaca) <a href=\"https:\/\/twitter.com\/ZonaRoja_Oaxaca\/status\/1791166420484751447?ref_src=twsrc%5Etfw\">16 de mayo de 2024<\/a><\/blockquote><\/div>\n<\/div><\/figure>\n","protected":false},"excerpt":{"rendered":"<p>Raymundo Morales\/Zona Roja. Oaxaca de Ju\u00e1rez, Oax., a 16 de mayo de 2024.- Brigadas que&hellip;<\/p>\n","protected":false},"author":2,"featured_media":68437,"comment_status":"closed","ping_status":"open","sticky":false,"template":"","format":"standard","meta":{"_lmt_disableupdate":"","_lmt_disable":"","_jetpack_memberships_contains_paid_content":false,"footnotes":""},"categories":[109,47],"tags":[312],"class_list":["post-68436","post","type-post","status-publish","format-standard","has-post-thumbnail","hentry","category-minuto-a-minuto","category-zona-gris","tag-seccion-22-del-snte"],"jetpack_featured_media_url":"https:\/\/zonaroja.com.mx\/wp-content\/uploads\/2024\/05\/Protestas-y-movilizaciones-Seccion-22-Oaxaca.jpg","jetpack_sharing_enabled":true,"_links":{"self":[{"href":"https:\/\/zonaroja.com.mx\/index.php?rest_route=\/wp\/v2\/posts\/68436","targetHints":{"allow":["GET"]}}],"collection":[{"href":"https:\/\/zonaroja.com.mx\/index.php?rest_route=\/wp\/v2\/posts"}],"about":[{"href":"https:\/\/zonaroja.com.mx\/index.php?rest_route=\/wp\/v2\/types\/post"}],"author":[{"embeddable":true,"href":"https:\/\/zonaroja.com.mx\/index.php?rest_route=\/wp\/v2\/users\/2"}],"replies":[{"embeddable":true,"href":"https:\/\/zonaroja.com.mx\/index.php?rest_route=%2Fwp%2Fv2%2Fcomments&post=68436"}],"version-history":[{"count":1,"href":"https:\/\/zonaroja.com.mx\/index.php?rest_route=\/wp\/v2\/posts\/68436\/revisions"}],"predecessor-version":[{"id":68438,"href":"https:\/\/zonaroja.com.mx\/index.php?rest_route=\/wp\/v2\/posts\/68436\/revisions\/68438"}],"wp:featuredmedia":[{"embeddable":true,"href":"https:\/\/zonaroja.com.mx\/index.php?rest_route=\/wp\/v2\/media\/68437"}],"wp:attachment":[{"href":"https:\/\/zonaroja.com.mx\/index.php?rest_route=%2Fwp%2Fv2%2Fmedia&parent=68436"}],"wp:term":[{"taxonomy":"category","embeddable":true,"href":"https:\/\/zonaroja.com.mx\/index.php?rest_route=%2Fwp%2Fv2%2Fcategories&post=68436"},{"taxonomy":"post_tag","embeddable":true,"href":"https:\/\/zonaroja.com.mx\/index.php?rest_route=%2Fwp%2Fv2%2Ftags&post=68436"}],"curies":[{"name":"wp","href":"https:\/\/api.w.org\/{rel}","templated":true}]}}