{"id":6845,"date":"2019-12-21T09:44:36","date_gmt":"2019-12-21T15:44:36","guid":{"rendered":"http:\/\/www.zonaroja.com.mx\/?p=6845"},"modified":"2019-12-21T09:44:40","modified_gmt":"2019-12-21T15:44:40","slug":"ayuntamiento-de-oaxaca-de-juarez-pago-mas-de-2-mdp-por-concierto-de-cristian-castro","status":"publish","type":"post","link":"https:\/\/zonaroja.com.mx\/?p=6845","title":{"rendered":"Ayuntamiento de Oaxaca de Ju\u00e1rez pag\u00f3 m\u00e1s de 2 mdp por concierto de Cristian Castro"},"content":{"rendered":"\n<p>Redacci\u00f3n\/Zona\nRoja.<\/p>\n\n\n\n<p>Oaxaca de\nJu\u00e1rez, Oax., <\/p>\n\n\n\n<p>Pese a\nque presume ser un gobierno de austeridad, el ayuntamiento de Oaxaca de Ju\u00e1rez\nque dirige Oswaldo Garc\u00eda Jarqu\u00edn gast\u00f3 un total de dos millones 668 mil pesos\ncomo pago del concierto de Cristian Castro, que se realiz\u00f3 en abril pasado con\nmotivo de los festejos del 487 Aniversario de la ciudad.<\/p>\n\n\n\n<p>As\u00ed lo\nestablece el contrato de prestaci\u00f3n de servicio n\u00famero CABAECS\/SSE\/EXT-17-04-19\nque celebr\u00f3 el ciudadano Jorge Castro Campos, s\u00edndico segundo y representante\nlegal del municipio, con la empresa NR. Artistas y Eventos S.A. de C.V., con\nfecha del 17 de abril del 2019.<\/p>\n\n\n\n<p>Mismo que\nse otorg\u00f3 por adjudicaci\u00f3n directa por excepci\u00f3n a la licitaci\u00f3n p\u00fablica a la\nempresa citada, que se comprometi\u00f3 a la realizaci\u00f3n de un show art\u00edstico que\nincluye dos boletos de avi\u00f3n viaje redondo en clase ejecutiva, tres m\u00e1s en\nclase turista de Los \u00c1ngeles-Oaxaca, Oaxaca-Los \u00c1ngeles del artista y su equipo\ncercano.<\/p>\n\n\n\n<p>De igual\nforma, contempl\u00f3 la transportaci\u00f3n a\u00e9rea de 25 personas en vuelos redondo de\nclase turista de la Ciudad de M\u00e9xico a Oaxaca, transportaci\u00f3n terrestre,\nhospedaje, vi\u00e1ticos, equipo de audio, iluminaci\u00f3n y v\u00eddeo, escenario, planta de\nluz y mudanza del equipo t\u00e9cnico.<\/p>\n\n\n\n<p>Lo\nanterior se dio a conocer a trav\u00e9s de la solicitud de informaci\u00f3n 002666319\ndirigida a la Unidad de Transparencia, en la que se pide conocer el costo y\nfactura del concierto que ofreci\u00f3 Cristian Castro con motivo de los festejos\ndel 487 Aniversario de la Ciudad de Oaxaca.<\/p>\n\n\n\n<p>El\ncontrato firmado con la empresa o representante del artista; el costo del\nmontaje del escenario, as\u00ed como empresas que prestar\u00e1n dicho servicio; y el\ncosto de la renta del equipo de audio para el concierto.<\/p>\n\n\n\n<p>En el\ndocumento firmado Jos\u00e9 Mar\u00eda Mac\u00edas Mart\u00ednez, subdirector de Turismo Municipal,\nse incluyen dos facturas, la primera de anticipo y la segunda de liquidaci\u00f3n,\npor un monto de un mill\u00f3n 334 pesos cada una, quedando el total de dos millones\n668 mil pesos.<\/p>\n\n\n\n<p>La\nerogaci\u00f3n de dicho recurso se autoriz\u00f3 en la segunda sesi\u00f3n extraordinaria con\nfecha del 17 de abril, llevada a cabo por el Comit\u00e9 de Adquisiciones de Bienes,\nArrendamientos, Enajenaciones y contrataci\u00f3n de Servicios del municipio y pese\na la pol\u00edtica de austeridad que implement\u00f3 desde el inicio de administraci\u00f3n\nedil Oswaldo Garc\u00eda Jarqu\u00edn.<\/p>\n\n\n\n<p>El\nespect\u00e1culo antes citado de llev\u00f3 a cabo el 26 de abril de este a\u00f1o en la\nAlameda de Le\u00f3n, en donde adem\u00e1s de la presencia de Cristian Castro, se cont\u00f3\ncon la participaci\u00f3n de la soprano mixe, Mar\u00eda Reyna, quien estuvo acompa\u00f1ada\ndel pianista Joaqu\u00edn Garz\u00f3n Rivera.<\/p>\n","protected":false},"excerpt":{"rendered":"<p>Redacci\u00f3n\/Zona Roja. Oaxaca de Ju\u00e1rez, Oax., Pese a que presume ser un gobierno de austeridad,&hellip;<\/p>\n","protected":false},"author":2,"featured_media":6846,"comment_status":"closed","ping_status":"open","sticky":false,"template":"","format":"standard","meta":{"_lmt_disableupdate":"","_lmt_disable":"","_jetpack_memberships_contains_paid_content":false,"footnotes":""},"categories":[109,47],"tags":[1159,148,115],"class_list":["post-6845","post","type-post","status-publish","format-standard","has-post-thumbnail","hentry","category-minuto-a-minuto","category-zona-gris","tag-cristian-castro","tag-oaxaca-de-juarez","tag-oswaldo-garcia-jarquin"],"jetpack_featured_media_url":"https:\/\/zonaroja.com.mx\/wp-content\/uploads\/2019\/12\/Christian-Castro.jpg","jetpack_sharing_enabled":true,"_links":{"self":[{"href":"https:\/\/zonaroja.com.mx\/index.php?rest_route=\/wp\/v2\/posts\/6845","targetHints":{"allow":["GET"]}}],"collection":[{"href":"https:\/\/zonaroja.com.mx\/index.php?rest_route=\/wp\/v2\/posts"}],"about":[{"href":"https:\/\/zonaroja.com.mx\/index.php?rest_route=\/wp\/v2\/types\/post"}],"author":[{"embeddable":true,"href":"https:\/\/zonaroja.com.mx\/index.php?rest_route=\/wp\/v2\/users\/2"}],"replies":[{"embeddable":true,"href":"https:\/\/zonaroja.com.mx\/index.php?rest_route=%2Fwp%2Fv2%2Fcomments&post=6845"}],"version-history":[{"count":1,"href":"https:\/\/zonaroja.com.mx\/index.php?rest_route=\/wp\/v2\/posts\/6845\/revisions"}],"predecessor-version":[{"id":6847,"href":"https:\/\/zonaroja.com.mx\/index.php?rest_route=\/wp\/v2\/posts\/6845\/revisions\/6847"}],"wp:featuredmedia":[{"embeddable":true,"href":"https:\/\/zonaroja.com.mx\/index.php?rest_route=\/wp\/v2\/media\/6846"}],"wp:attachment":[{"href":"https:\/\/zonaroja.com.mx\/index.php?rest_route=%2Fwp%2Fv2%2Fmedia&parent=6845"}],"wp:term":[{"taxonomy":"category","embeddable":true,"href":"https:\/\/zonaroja.com.mx\/index.php?rest_route=%2Fwp%2Fv2%2Fcategories&post=6845"},{"taxonomy":"post_tag","embeddable":true,"href":"https:\/\/zonaroja.com.mx\/index.php?rest_route=%2Fwp%2Fv2%2Ftags&post=6845"}],"curies":[{"name":"wp","href":"https:\/\/api.w.org\/{rel}","templated":true}]}}