{"id":68450,"date":"2024-05-17T07:20:38","date_gmt":"2024-05-17T13:20:38","guid":{"rendered":"https:\/\/zonaroja.com.mx\/?p=68450"},"modified":"2024-05-17T07:20:40","modified_gmt":"2024-05-17T13:20:40","slug":"david-aguilar-sera-aliado-de-los-docentes-en-el-congreso-federal","status":"publish","type":"post","link":"https:\/\/zonaroja.com.mx\/?p=68450","title":{"rendered":"David Aguilar ser\u00e1 aliado de los docentes en el Congreso federal"},"content":{"rendered":"\n<p>Redacci\u00f3n\/Zona Roja.<\/p>\n\n\n\n<p>Oaxaca de Ju\u00e1rez, Oax., a 17 de mayo de 2024.- David Aguilar Hern\u00e1ndez, candidato a diputado federal por el distrito 8 por la coalici\u00f3n \u201cFuerza y Coraz\u00f3n por M\u00e9xico\u201d, felicit\u00f3 a las y los trabajadores de la educaci\u00f3n en el marco del D\u00eda del Maestro, al referir que desde el Congreso, Oaxaca tendr\u00e1 un aliado para dignificar la labor docente y mejor la infraestructura educativa.&nbsp;<\/p>\n\n\n\n<p>En un encuentro con diferentes medios de comunicaci\u00f3n, el joven aspirante expuso que en los recorridos que ha realizado por los municipios que comprenden el distrito 8, uno de los reclamos m\u00e1s sentidos de la ciudadan\u00eda, adem\u00e1s de los servicios b\u00e1sicos, es la mejora de las escuelas de nivel b\u00e1sico.&nbsp;<\/p>\n\n\n\n<p>David Aguilar agreg\u00f3 que la infraestructura educativa es primordial para que las y los ni\u00f1os, adolescentes y j\u00f3venes de Oaxaca cuenten con un espacio de calidad para recibir su educaci\u00f3n, adem\u00e1s de la dignificaci\u00f3n de la labor docente.<\/p>\n\n\n\n<p>El abanderado del PAN, PRI y PRD, hizo \u00e9nfasis en las y los maestros que viajan largas horas para llegar a las comunidades alejadas de la capital oaxaque\u00f1a, en donde reconoci\u00f3 , ense\u00f1an sin ning\u00fan condicionamiento, por lo que su labor debe ser recompensado.&nbsp;<\/p>\n\n\n\n<p>Sin titubear, David Aguilar dijo que el magisterio oaxaque\u00f1o tendr\u00e1 un aliado desde el Congreso federal, para reivindicar la lucha por la educaci\u00f3n y que Oaxaca deje de ocupar los \u00faltimos lugares en materia educativa.<\/p>\n","protected":false},"excerpt":{"rendered":"<p>Redacci\u00f3n\/Zona Roja. Oaxaca de Ju\u00e1rez, Oax., a 17 de mayo de 2024.- David Aguilar Hern\u00e1ndez,&hellip;<\/p>\n","protected":false},"author":2,"featured_media":68451,"comment_status":"closed","ping_status":"open","sticky":false,"template":"","format":"standard","meta":{"_lmt_disableupdate":"","_lmt_disable":"","_jetpack_memberships_contains_paid_content":false,"footnotes":""},"categories":[109,46],"tags":[3934],"class_list":["post-68450","post","type-post","status-publish","format-standard","has-post-thumbnail","hentry","category-minuto-a-minuto","category-zona-blanca","tag-david-aguilar-hernandez"],"jetpack_featured_media_url":"https:\/\/zonaroja.com.mx\/wp-content\/uploads\/2024\/05\/David-Aguilar-Hernandez-1.jpeg","jetpack_sharing_enabled":true,"_links":{"self":[{"href":"https:\/\/zonaroja.com.mx\/index.php?rest_route=\/wp\/v2\/posts\/68450","targetHints":{"allow":["GET"]}}],"collection":[{"href":"https:\/\/zonaroja.com.mx\/index.php?rest_route=\/wp\/v2\/posts"}],"about":[{"href":"https:\/\/zonaroja.com.mx\/index.php?rest_route=\/wp\/v2\/types\/post"}],"author":[{"embeddable":true,"href":"https:\/\/zonaroja.com.mx\/index.php?rest_route=\/wp\/v2\/users\/2"}],"replies":[{"embeddable":true,"href":"https:\/\/zonaroja.com.mx\/index.php?rest_route=%2Fwp%2Fv2%2Fcomments&post=68450"}],"version-history":[{"count":1,"href":"https:\/\/zonaroja.com.mx\/index.php?rest_route=\/wp\/v2\/posts\/68450\/revisions"}],"predecessor-version":[{"id":68452,"href":"https:\/\/zonaroja.com.mx\/index.php?rest_route=\/wp\/v2\/posts\/68450\/revisions\/68452"}],"wp:featuredmedia":[{"embeddable":true,"href":"https:\/\/zonaroja.com.mx\/index.php?rest_route=\/wp\/v2\/media\/68451"}],"wp:attachment":[{"href":"https:\/\/zonaroja.com.mx\/index.php?rest_route=%2Fwp%2Fv2%2Fmedia&parent=68450"}],"wp:term":[{"taxonomy":"category","embeddable":true,"href":"https:\/\/zonaroja.com.mx\/index.php?rest_route=%2Fwp%2Fv2%2Fcategories&post=68450"},{"taxonomy":"post_tag","embeddable":true,"href":"https:\/\/zonaroja.com.mx\/index.php?rest_route=%2Fwp%2Fv2%2Ftags&post=68450"}],"curies":[{"name":"wp","href":"https:\/\/api.w.org\/{rel}","templated":true}]}}