{"id":68453,"date":"2024-05-17T13:21:00","date_gmt":"2024-05-17T19:21:00","guid":{"rendered":"https:\/\/zonaroja.com.mx\/?p=68453"},"modified":"2024-05-17T19:51:44","modified_gmt":"2024-05-18T01:51:44","slug":"opinion-el-ayuntamiento-gentrifica-el-predial","status":"publish","type":"post","link":"https:\/\/zonaroja.com.mx\/?p=68453","title":{"rendered":"Opini\u00f3n. El ayuntamiento gentrifica el predial"},"content":{"rendered":"\n<p>N\u00e9stor Y. S\u00e1nchez Islas.<\/p>\n\n\n\n<p>La gentrificaci\u00f3n es el problema social m\u00e1s grave de la ciudad de Oaxaca y el ayuntamiento se encarga de atizarlo en lugar de atenuarlo a trav\u00e9s de una pol\u00edtica fiscal recaudatoria en la que quienes tributamos en esta ciudad debemos mantenerla para toda aquella poblaci\u00f3n flotante que viene de los suburbios y de los miles de turistas que circulan por aqu\u00ed. Es probable que muchos de los empleados del ayuntamiento,&nbsp;y el presidente&nbsp;mismo,&nbsp;tributen su predial en otros municipios y a tasas muy bajas, adem\u00e1s,&nbsp;los beneficios de la turistificaci\u00f3n la capitalizan&nbsp;unos pocos, pero la gentrificaci\u00f3n la pagamos todos.&nbsp;Ocurrencia m\u00e1s injusta no hay en este momento que el excesivo aumento de los prediales y la declaraci\u00f3n autoritaria del mun\u00edcipe de que recurrir\u00e1 a procedimientos fiscales para el cobro.<\/p>\n\n\n\n<p>La gentrificaci\u00f3n de nuestra&nbsp;ciudad, es decir, el desplazamiento de la gente originaria de los barrios tradicionales por nuevos vecinos de alto poder econ\u00f3mico, pero ajenos a la comunidad,&nbsp;provocan desde la desertificaci\u00f3n de enormes zonas urbanas, como lo es ahora el centro hist\u00f3rico que es un cascar\u00f3n que tiene vida solo durante el d\u00eda,&nbsp;hasta el encarecimiento de todo porque los nuevos habitantes disponen de mayor liquidez que un ciudadano com\u00fan. En todo el mundo se trata de mitigar este fen\u00f3meno, menos aqu\u00ed porque la gentrificaci\u00f3n del predial acelerar\u00e1 la desertificaci\u00f3n. Pero tambi\u00e9n es motivo de corrupci\u00f3n porque la mejor forma de contener este nocivo fen\u00f3meno es el control del uso del suelo, mismo que el ayuntamiento&nbsp;ha cambiado a placer, probablemente a cambio de generosas d\u00e1divas.<\/p>\n\n\n\n<p>La autoridad justifica el aumento del predial con la realizaci\u00f3n de obras y prestaci\u00f3n de servicios municipales, como la seguridad p\u00fablica o la recolecci\u00f3n de basura. El predial deber\u00eda usarse para promover un desarrollo urbano ordenado&nbsp;en lugar del caos en que vivimos. Deber\u00eda servir para fomentar proyectos de inversi\u00f3n que tanta falta hacen y ser una herramienta de equidad fiscal. En pocas palabras, este impuesto deber\u00eda usarse para financiar servicios esenciales, promover un correcto desarrollo urbano y mantener una equidad fiscal. Pero la realidad es otra.<\/p>\n\n\n\n<p>Del total del dinero que el Ayuntamiento cobra, el 90% se utiliza para su gasto corriente, es decir, para el pago de sus n\u00f3minas, cr\u00e9ditos y pensiones. Solo 10 centavos de cada peso pagado pueden destinarse a obras y servicios, por tanto, la justificaci\u00f3n es absolutamente falsa y la realidad lo confirma. El centro hist\u00f3rico est\u00e1 muy maltratado, pero los alrededores, como San Mart\u00edn, San Juanito, Viguera o Pueblo Nuevo son un desastre. La realidad nos muestra que el Ayuntamiento no est\u00e1 al servicio de la comunidad sino de sus sindicatos. A ellos dedican mucho tiempo y recursos, como los que obtendr\u00e1 del&nbsp;asalto que nos&nbsp;har\u00e1&nbsp;a trav\u00e9s del aumento al predial.&nbsp;En contraste, ayuntamientos del siglo pasado, con muy escasos recursos, pudieron hacer mucho con poco porque atend\u00edan a la gente y no a sus mafias burocr\u00e1ticas.&nbsp;La ciudad fue su prioridad; hoy solo buscan la riqueza inmediata.<\/p>\n\n\n\n<p>El aumento del predial es&nbsp;un aumento a la carga financiera de los hogares.&nbsp;Ahora se&nbsp;deber\u00e1 ahorrar y gastar&nbsp;menos en educaci\u00f3n, alimentaci\u00f3n o salud. Recordemos que&nbsp;la 4T, de la que es parte este Ayuntamiento, elimin\u00f3 el Seguro Popular a cambio de $3 mil pesos mensuales que, para una emergencia m\u00e9dica no sirven para nada.<\/p>\n\n\n\n<p>Los residentes&nbsp;que a\u00fan queden en barrios tradicionales tendr\u00e1n que mudarse. Aquellos que no tienen altos ingresos no podr\u00e1n pagar las nuevas cuotas actualizadas.&nbsp;El vac\u00edo dejado por los residente lo ocupar\u00e1n gente de alto nivel econ\u00f3mico, lo que acelera la odiosa gentrificaci\u00f3n y, por ello mismo&nbsp;creo&nbsp;que este fen\u00f3meno se&nbsp;fomenta&nbsp;desde el mismo&nbsp;ayuntamiento.<\/p>\n\n\n\n<p>El alto costo de los prediales servir\u00e1 para ahuyentar la inversi\u00f3n&nbsp;inmobiliaria.&nbsp;Con las tasas que cobran los \u00fanicos que querr\u00e1n construir ser\u00e1n empresarios hoteleros y no habr\u00e1 vivienda disponible para la gente de la calle.&nbsp;Habr\u00e1 quien preferir\u00e1 dejar que su propiedad se deteriore para que no le aumenten el predial&nbsp;o, de plano, mudarse a una poblaci\u00f3n cercana que, por imitaci\u00f3n,&nbsp;no tardar\u00e1 en aumentar&nbsp;sus tasas impositivas.<\/p>\n\n\n\n<p>La mudanza de vecinos provocar\u00e1 otro problema, el de la erosi\u00f3n de la base fiscal. Cada vez habr\u00e1 menos contribuyentes y los \u00fanicos que permanecer\u00e1n ser\u00e1n los&nbsp;extranjeros,&nbsp;los&nbsp;hoteles, restaurantes y otros negocios. La vida de la ciudad se terminar\u00e1, m\u00e1s de lo que hoy lo est\u00e1&nbsp;y&nbsp;nos&nbsp;llenaremos&nbsp;de bares, cantinas, asaltos y cristalazos. La desertificaci\u00f3n de la ciudad es un buen caldo de cultivo para el ambulantaje y la delincuencia.<\/p>\n\n\n\n<p>Por si algo faltara, la desconfianza en un gobierno que solo ve al ciudadano como un signo de pesos, se incrementar\u00e1.&nbsp;Vemos como gastan a manos llenas para&nbsp;la campa\u00f1a de su candidata presidencial, pero recortan todo para la ciudad y sus necesidades.&nbsp;\u00bfConf\u00eda en el Ayuntamiento y su oficina de catastro?<\/p>\n\n\n\n<p><a href=\"mailto:nestoryuri@yahoo.com\">nestoryuri@yahoo.com<\/a><\/p>\n","protected":false},"excerpt":{"rendered":"<p>N\u00e9stor Y. S\u00e1nchez Islas. La gentrificaci\u00f3n es el problema social m\u00e1s grave de la ciudad&hellip;<\/p>\n","protected":false},"author":2,"featured_media":67897,"comment_status":"closed","ping_status":"open","sticky":false,"template":"","format":"standard","meta":{"_lmt_disableupdate":"","_lmt_disable":"","_jetpack_memberships_contains_paid_content":false,"footnotes":""},"categories":[456,109],"tags":[3050],"class_list":["post-68453","post","type-post","status-publish","format-standard","has-post-thumbnail","hentry","category-columna","category-minuto-a-minuto","tag-nestor-yuri-sanchez"],"jetpack_featured_media_url":"https:\/\/zonaroja.com.mx\/wp-content\/uploads\/2024\/05\/Opinion-Nestor-Yuri-Sanchez.jpeg","jetpack_sharing_enabled":true,"_links":{"self":[{"href":"https:\/\/zonaroja.com.mx\/index.php?rest_route=\/wp\/v2\/posts\/68453","targetHints":{"allow":["GET"]}}],"collection":[{"href":"https:\/\/zonaroja.com.mx\/index.php?rest_route=\/wp\/v2\/posts"}],"about":[{"href":"https:\/\/zonaroja.com.mx\/index.php?rest_route=\/wp\/v2\/types\/post"}],"author":[{"embeddable":true,"href":"https:\/\/zonaroja.com.mx\/index.php?rest_route=\/wp\/v2\/users\/2"}],"replies":[{"embeddable":true,"href":"https:\/\/zonaroja.com.mx\/index.php?rest_route=%2Fwp%2Fv2%2Fcomments&post=68453"}],"version-history":[{"count":1,"href":"https:\/\/zonaroja.com.mx\/index.php?rest_route=\/wp\/v2\/posts\/68453\/revisions"}],"predecessor-version":[{"id":68454,"href":"https:\/\/zonaroja.com.mx\/index.php?rest_route=\/wp\/v2\/posts\/68453\/revisions\/68454"}],"wp:featuredmedia":[{"embeddable":true,"href":"https:\/\/zonaroja.com.mx\/index.php?rest_route=\/wp\/v2\/media\/67897"}],"wp:attachment":[{"href":"https:\/\/zonaroja.com.mx\/index.php?rest_route=%2Fwp%2Fv2%2Fmedia&parent=68453"}],"wp:term":[{"taxonomy":"category","embeddable":true,"href":"https:\/\/zonaroja.com.mx\/index.php?rest_route=%2Fwp%2Fv2%2Fcategories&post=68453"},{"taxonomy":"post_tag","embeddable":true,"href":"https:\/\/zonaroja.com.mx\/index.php?rest_route=%2Fwp%2Fv2%2Ftags&post=68453"}],"curies":[{"name":"wp","href":"https:\/\/api.w.org\/{rel}","templated":true}]}}