{"id":68469,"date":"2024-05-17T11:21:00","date_gmt":"2024-05-17T17:21:00","guid":{"rendered":"https:\/\/zonaroja.com.mx\/?p=68469"},"modified":"2024-05-17T08:44:21","modified_gmt":"2024-05-17T14:44:21","slug":"la-vida-de-mi-hija-no-tiene-costo-solo-quiero-justicia","status":"publish","type":"post","link":"https:\/\/zonaroja.com.mx\/?p=68469","title":{"rendered":"\u201cLa vida de mi hija no tiene costo; s\u00f3lo quiero justicia\u201d"},"content":{"rendered":"\n<p>Ismael Garc\u00eda M.\/Zona Roja.<\/p>\n\n\n\n<p>Oaxaca de Ju\u00e1rez, Oax., a 17 de mayo de 2024.- Do\u00f1a Adelina Reyes no puede aguantar las l\u00e1grimas. No cree a\u00fan que muri\u00f3 su adolescente ahogada. El albergue religioso Josefino s\u00f3lo le ofrece dinero para que no reclame m\u00e1s.<\/p>\n\n\n\n<p>\u201cPerder a un hijo es algo muy dif\u00edcil, es morirse en vida; es dif\u00edcil saber que ya no est\u00e1; ella ten\u00eda una vida por delante, era muy estudiosa, sana, no ten\u00eda enfermedades, yo no s\u00e9 qu\u00e9 es lo que pas\u00f3\u201d.<\/p>\n\n\n\n<p>Eso dice mientras espera a las afueras de la Defensor\u00eda de los Derechos Humanos del Pueblo de Oaxaca para presentar una queja, acompa\u00f1ada de un abogado.<\/p>\n\n\n\n<p>Fue el s\u00e1bado 27 de abril en que Daysi Donaj\u00ed, de 15 a\u00f1os, fue a una excursi\u00f3n con sus compa\u00f1eras de secundaria del albergue Josefino, ubicado en Santa Luc\u00eda del Camino.<\/p>\n\n\n\n<p>Pero supuestamente ella ingres\u00f3 a nadar y no logr\u00f3 salir, por lo cual fue rescatada sin vida. A su madre, Adelina, le avisaron una hora despu\u00e9s y tuvo que trasladarse a la zona para auxiliar a su peque\u00f1a.<\/p>\n\n\n\n<p>\u201cTodo iba bien en albergue; la ten\u00eda estudiando ah\u00ed porque no tenemos dinero, pero despu\u00e9s del Covid cambiaron muchas cosas; antes con los padres no hab\u00eda problemas, avisaban todo y despu\u00e9s casi no notificaban, no avisaban de lo que hac\u00edan\u201d, expone entre l\u00e1grimas.<\/p>\n\n\n\n<p>La madre superior responsable del albergue le dio la noticia y simplemente le notific\u00f3 que su hija ya hab\u00eda perdido la vida. Ahora todo quieren arreglar con dinero.<\/p>\n\n\n\n<p>\u201cMe ofreci\u00f3 dinero, que lo aceptara, 40 mil pesos al principio, cuando nosotros trajimos el cuerpo, fueron otra vez insistiendo; el lunes que enterr\u00e9 a mi hija me dijo que fuera a recoger sus cosas, ah\u00ed me ofrecieron 60 mil pesos porque me dijo que se iba a dar 80 mil pero que con los gastos funerarios eran 20 mil pesos menos.<\/p>\n\n\n\n<p>\u201cLes contest\u00e9 que la vida de mi hija no tiene costo, aunque uno quiera dar todo el dinero del mundo no lo cubre igual, ella ten\u00eda futuro por delante. Lo rechac\u00e9 pero me dijeron que si lo rechazaba me iba a quedar sin nada, sin el dinero y sin el apoyo de ellos\u201d.<\/p>\n\n\n\n<p>Do\u00f1a Adelina s\u00f3lo pide justicia y demanda a la Fiscal\u00eda General del Estado que indague el caso a fondo:<\/p>\n\n\n\n<p>\u201cQue salga todo a la luz, que se sepa la verdad\u2026 Yo s\u00f3lo quiero que se llegue a la verdad, si es necesario, sacar el cuerpo de mi hija otra vez; no estoy tranquila, no s\u00e9 qu\u00e9 realmente pas\u00f3\u201d.<\/p>\n","protected":false},"excerpt":{"rendered":"<p>Ismael Garc\u00eda M.\/Zona Roja. Oaxaca de Ju\u00e1rez, Oax., a 17 de mayo de 2024.- Do\u00f1a&hellip;<\/p>\n","protected":false},"author":2,"featured_media":68470,"comment_status":"closed","ping_status":"open","sticky":false,"template":"","format":"standard","meta":{"_lmt_disableupdate":"","_lmt_disable":"","_jetpack_memberships_contains_paid_content":false,"footnotes":""},"categories":[109,46],"tags":[3939],"class_list":["post-68469","post","type-post","status-publish","format-standard","has-post-thumbnail","hentry","category-minuto-a-minuto","category-zona-blanca","tag-albergue-josefino"],"jetpack_featured_media_url":"https:\/\/zonaroja.com.mx\/wp-content\/uploads\/2024\/05\/Adelina-hija-ahogada-Albergue-Josefino-Tepuxtepec.jpg","jetpack_sharing_enabled":true,"_links":{"self":[{"href":"https:\/\/zonaroja.com.mx\/index.php?rest_route=\/wp\/v2\/posts\/68469","targetHints":{"allow":["GET"]}}],"collection":[{"href":"https:\/\/zonaroja.com.mx\/index.php?rest_route=\/wp\/v2\/posts"}],"about":[{"href":"https:\/\/zonaroja.com.mx\/index.php?rest_route=\/wp\/v2\/types\/post"}],"author":[{"embeddable":true,"href":"https:\/\/zonaroja.com.mx\/index.php?rest_route=\/wp\/v2\/users\/2"}],"replies":[{"embeddable":true,"href":"https:\/\/zonaroja.com.mx\/index.php?rest_route=%2Fwp%2Fv2%2Fcomments&post=68469"}],"version-history":[{"count":1,"href":"https:\/\/zonaroja.com.mx\/index.php?rest_route=\/wp\/v2\/posts\/68469\/revisions"}],"predecessor-version":[{"id":68471,"href":"https:\/\/zonaroja.com.mx\/index.php?rest_route=\/wp\/v2\/posts\/68469\/revisions\/68471"}],"wp:featuredmedia":[{"embeddable":true,"href":"https:\/\/zonaroja.com.mx\/index.php?rest_route=\/wp\/v2\/media\/68470"}],"wp:attachment":[{"href":"https:\/\/zonaroja.com.mx\/index.php?rest_route=%2Fwp%2Fv2%2Fmedia&parent=68469"}],"wp:term":[{"taxonomy":"category","embeddable":true,"href":"https:\/\/zonaroja.com.mx\/index.php?rest_route=%2Fwp%2Fv2%2Fcategories&post=68469"},{"taxonomy":"post_tag","embeddable":true,"href":"https:\/\/zonaroja.com.mx\/index.php?rest_route=%2Fwp%2Fv2%2Ftags&post=68469"}],"curies":[{"name":"wp","href":"https:\/\/api.w.org\/{rel}","templated":true}]}}