{"id":68472,"date":"2024-05-17T08:48:38","date_gmt":"2024-05-17T14:48:38","guid":{"rendered":"https:\/\/zonaroja.com.mx\/?p=68472"},"modified":"2024-05-17T08:48:40","modified_gmt":"2024-05-17T14:48:40","slug":"controlan-incendios-en-cerros-de-mitla-y-diaz-ordaz","status":"publish","type":"post","link":"https:\/\/zonaroja.com.mx\/?p=68472","title":{"rendered":"Controlan incendios en cerros de Mitla y D\u00edaz Ordaz"},"content":{"rendered":"\n<p>Redacci\u00f3n\/Zona Roja.<\/p>\n\n\n\n<p>Oaxaca de Ju\u00e1rez, Oax. 17 de mayo de 2024.- Helic\u00f3pteros de la Secretar\u00eda de la Defensa Nacional (Sedena) y de la Secretar\u00eda de Marina (Semar) se sumaron a los esfuerzos que las brigadas combatientes, personas comuneras y voluntarias realizan para controlar y liquidar el complejo de incendios de San Pablo Villa de Mitla y Villa D\u00edaz Ordaz, en la regi\u00f3n de los Valles Centrales.<\/p>\n\n\n\n<p>Este jueves las aeronaves realizaron descargas para sofocar este siniestro que hasta el momento registra un avance del 100 por ciento en el control y 90 por ciento de liquidaci\u00f3n.&nbsp;<\/p>\n\n\n\n<p>Se trata de un helic\u00f3ptero MI-17 de la Semar y otro de la Sedena que juntos realizaron 18 descargas en los dos frentes correspondientes a los parajes El Tlablero, Nopal y Llano Conejo.&nbsp;<\/p>\n\n\n\n<p>Las aeronaves mantendr\u00e1n su presencia en la entidad para continuar los trabajos de control y liquidaci\u00f3n de las conflagraciones activas en el territorio oaxaque\u00f1o.<\/p>\n\n\n\n<p>Cabe destacar que en las labores participan elementos de Marina, Sedena, Comisi\u00f3n Estatal Forestal (Coesfo), gu\u00edas comunitarios, Guardia Nacional (GN), Comisi\u00f3n Nacional de \u00c1reas Naturales Protegidas (Conanp) y Comisi\u00f3n Nacional Forestal (Conafor).&nbsp;<\/p>\n\n\n\n<p>EN LA COSTA<\/p>\n\n\n\n<p>Por otra parte, derivado del incendio forestal intermunicipal en las comunidades de El Tigrero, en Santa Mar\u00eda Tonameca; El Chilar y Los Caulote, pertenecientes a Candelaria Loxicha, y Xonene, en San Pedro Pochutla, la Coordinaci\u00f3n Estatal de Protecci\u00f3n Civil y Gesti\u00f3n de Riesgos (CEPCyGR) inform\u00f3 que personal de Protecci\u00f3n Civil de estas tres municipalidades realizaron la evacuaci\u00f3n de 70 personas.<\/p>\n\n\n\n<p>Hasta el momento, no se reportan p\u00e9rdidas humanas, \u00fanicamente se realiz\u00f3 la evacuaci\u00f3n de ni\u00f1as, ni\u00f1os, adolescentes, personas adultas, as\u00ed como de dos mujeres embarazadas y hombres habitantes de estas localidades.<\/p>\n\n\n\n<p>Las personas fueron trasladadas al albergue Ana Toledo de Garc\u00eda, ubicado a un costado del hospital regional de San Pedro Pochutla.&nbsp;<\/p>\n\n\n\n<p>En este espacio, personal del Sistema para el Desarrollo Integral de la Familia (DIF) Municipal de San Pedro Pochutla les brinda alimentaci\u00f3n. Asimismo, se les da atenci\u00f3n m\u00e9dica en caso de alguna afectaci\u00f3n a su salud que pudieran presentar derivado del humo inhalado.&nbsp;<\/p>\n","protected":false},"excerpt":{"rendered":"<p>Redacci\u00f3n\/Zona Roja. Oaxaca de Ju\u00e1rez, Oax. 17 de mayo de 2024.- Helic\u00f3pteros de la Secretar\u00eda&hellip;<\/p>\n","protected":false},"author":2,"featured_media":68473,"comment_status":"closed","ping_status":"open","sticky":false,"template":"","format":"standard","meta":{"_lmt_disableupdate":"","_lmt_disable":"","_jetpack_memberships_contains_paid_content":false,"footnotes":""},"categories":[109,46],"tags":[939],"class_list":["post-68472","post","type-post","status-publish","format-standard","has-post-thumbnail","hentry","category-minuto-a-minuto","category-zona-blanca","tag-salomon-jara-cruz"],"jetpack_featured_media_url":"https:\/\/zonaroja.com.mx\/wp-content\/uploads\/2024\/05\/Helicoptero-Marina-incendios.jpeg","jetpack_sharing_enabled":true,"_links":{"self":[{"href":"https:\/\/zonaroja.com.mx\/index.php?rest_route=\/wp\/v2\/posts\/68472","targetHints":{"allow":["GET"]}}],"collection":[{"href":"https:\/\/zonaroja.com.mx\/index.php?rest_route=\/wp\/v2\/posts"}],"about":[{"href":"https:\/\/zonaroja.com.mx\/index.php?rest_route=\/wp\/v2\/types\/post"}],"author":[{"embeddable":true,"href":"https:\/\/zonaroja.com.mx\/index.php?rest_route=\/wp\/v2\/users\/2"}],"replies":[{"embeddable":true,"href":"https:\/\/zonaroja.com.mx\/index.php?rest_route=%2Fwp%2Fv2%2Fcomments&post=68472"}],"version-history":[{"count":1,"href":"https:\/\/zonaroja.com.mx\/index.php?rest_route=\/wp\/v2\/posts\/68472\/revisions"}],"predecessor-version":[{"id":68474,"href":"https:\/\/zonaroja.com.mx\/index.php?rest_route=\/wp\/v2\/posts\/68472\/revisions\/68474"}],"wp:featuredmedia":[{"embeddable":true,"href":"https:\/\/zonaroja.com.mx\/index.php?rest_route=\/wp\/v2\/media\/68473"}],"wp:attachment":[{"href":"https:\/\/zonaroja.com.mx\/index.php?rest_route=%2Fwp%2Fv2%2Fmedia&parent=68472"}],"wp:term":[{"taxonomy":"category","embeddable":true,"href":"https:\/\/zonaroja.com.mx\/index.php?rest_route=%2Fwp%2Fv2%2Fcategories&post=68472"},{"taxonomy":"post_tag","embeddable":true,"href":"https:\/\/zonaroja.com.mx\/index.php?rest_route=%2Fwp%2Fv2%2Ftags&post=68472"}],"curies":[{"name":"wp","href":"https:\/\/api.w.org\/{rel}","templated":true}]}}