{"id":6848,"date":"2019-12-21T09:54:54","date_gmt":"2019-12-21T15:54:54","guid":{"rendered":"http:\/\/www.zonaroja.com.mx\/?p=6848"},"modified":"2019-12-21T09:54:57","modified_gmt":"2019-12-21T15:54:57","slug":"asesinan-a-una-mujer-en-la-sierra-sur-y-a-un-taxista-en-el-istmo","status":"publish","type":"post","link":"https:\/\/zonaroja.com.mx\/?p=6848","title":{"rendered":"Asesinan a una mujer en la Sierra Sur y a un taxista en el Istmo"},"content":{"rendered":"\n<p>Ismael\nGarc\u00eda M.\/Zona Roja.<\/p>\n\n\n\n<p>Oaxaca de\nJu\u00e1rez, Oax., 21 de diciembre de 2019.- La violencia sigue incesante en el\nestado de Oaxaca y en las \u00faltimas horas fueron asesinadas a balazos una mujer\nen la regi\u00f3n Sierra Sur y un taxista en el Istmo de Tehuantepec.<\/p>\n\n\n\n<p>Con al\nmenos siete disparos de arma de fuego calibre nueve mil\u00edmetros, la madrugada de\nhoy fue ultimada una persona del sexo femenino, de aproximadamente 35 a\u00f1os de\nedad, en la localidad de San Sebasti\u00e1n Coatl\u00e1n.<\/p>\n\n\n\n<p>Presuntamente\nun grupo armado ingres\u00f3 a su domicilio y la secuestr\u00f3, para llev\u00e1rsela a un\nparaje conocido como \u201cEl Guayabo\u201d, donde la tortur\u00f3 y asesin\u00f3.<\/p>\n\n\n\n<p>Tras el\narribo del personal de la Agencia Estatal de Investigaciones, hallaron asimismo\ncasquillos percutidos calibre 223, de arma conocida como \u201ccuerno de chivo\u201d;\nhasta ahora no hay indicios de los autores del crimen.<\/p>\n\n\n\n<p>Por otra\nparte anoche, un taxista del sitio \u201cSan Mat\u00edas\u201d fue asaltado por individuos\narmados que le pidieron un servicio; pero a medio camino fue asaltado y atacado\na pu\u00f1aladas.<\/p>\n\n\n\n<p>Seg\u00fan los\nprimeros datos, tras la b\u00fasqueda, fue hallada la unidad de motor con n\u00famero\necon\u00f3mico 1660 y trasladada la v\u00edctima al hospital, donde perdi\u00f3 la vida; fue\nidentificada como Ernesto Reyes Cruz.<\/p>\n","protected":false},"excerpt":{"rendered":"<p>Ismael Garc\u00eda M.\/Zona Roja. Oaxaca de Ju\u00e1rez, Oax., 21 de diciembre de 2019.- La violencia&hellip;<\/p>\n","protected":false},"author":2,"featured_media":6849,"comment_status":"closed","ping_status":"open","sticky":false,"template":"","format":"standard","meta":{"_lmt_disableupdate":"","_lmt_disable":"","_jetpack_memberships_contains_paid_content":false,"footnotes":""},"categories":[109,51],"tags":[228,1160],"class_list":["post-6848","post","type-post","status-publish","format-standard","has-post-thumbnail","hentry","category-minuto-a-minuto","category-zona-roja","tag-matias-romero-avendano","tag-san-sebastian-coatlan"],"jetpack_featured_media_url":"https:\/\/zonaroja.com.mx\/wp-content\/uploads\/2019\/12\/PHOTO-2019-12-21-09-28-51.jpg","jetpack_sharing_enabled":true,"_links":{"self":[{"href":"https:\/\/zonaroja.com.mx\/index.php?rest_route=\/wp\/v2\/posts\/6848","targetHints":{"allow":["GET"]}}],"collection":[{"href":"https:\/\/zonaroja.com.mx\/index.php?rest_route=\/wp\/v2\/posts"}],"about":[{"href":"https:\/\/zonaroja.com.mx\/index.php?rest_route=\/wp\/v2\/types\/post"}],"author":[{"embeddable":true,"href":"https:\/\/zonaroja.com.mx\/index.php?rest_route=\/wp\/v2\/users\/2"}],"replies":[{"embeddable":true,"href":"https:\/\/zonaroja.com.mx\/index.php?rest_route=%2Fwp%2Fv2%2Fcomments&post=6848"}],"version-history":[{"count":1,"href":"https:\/\/zonaroja.com.mx\/index.php?rest_route=\/wp\/v2\/posts\/6848\/revisions"}],"predecessor-version":[{"id":6850,"href":"https:\/\/zonaroja.com.mx\/index.php?rest_route=\/wp\/v2\/posts\/6848\/revisions\/6850"}],"wp:featuredmedia":[{"embeddable":true,"href":"https:\/\/zonaroja.com.mx\/index.php?rest_route=\/wp\/v2\/media\/6849"}],"wp:attachment":[{"href":"https:\/\/zonaroja.com.mx\/index.php?rest_route=%2Fwp%2Fv2%2Fmedia&parent=6848"}],"wp:term":[{"taxonomy":"category","embeddable":true,"href":"https:\/\/zonaroja.com.mx\/index.php?rest_route=%2Fwp%2Fv2%2Fcategories&post=6848"},{"taxonomy":"post_tag","embeddable":true,"href":"https:\/\/zonaroja.com.mx\/index.php?rest_route=%2Fwp%2Fv2%2Ftags&post=6848"}],"curies":[{"name":"wp","href":"https:\/\/api.w.org\/{rel}","templated":true}]}}