{"id":68480,"date":"2024-05-17T21:23:07","date_gmt":"2024-05-18T03:23:07","guid":{"rendered":"https:\/\/zonaroja.com.mx\/?p=68480"},"modified":"2024-05-17T21:23:09","modified_gmt":"2024-05-18T03:23:09","slug":"juchitan-a-merced-del-hampa-tres-ataques-armados-hoy-con-un-muerto","status":"publish","type":"post","link":"https:\/\/zonaroja.com.mx\/?p=68480","title":{"rendered":"Juchit\u00e1n a merced del hampa; tres ataques armados hoy, con un muerto"},"content":{"rendered":"\n<p>Raymundo Morales\/Zona Roja.<\/p>\n\n\n\n<p>Oaxaca de Ju\u00e1rez, Oax., a 17 de mayo de 2024.- Al menos tres ataques armados se registraron este viernes en Juchit\u00e1n de Zaragoza, con saldo general de una persona fallecida y al menos tres lesionadas.<\/p>\n\n\n\n<p>En la colonia David L\u00f3pez Nelio de la S\u00e9ptima Secci\u00f3n se registr\u00f3 la primera agresi\u00f3n cerca del mediod\u00eda de hoy, en que perdi\u00f3 la vida una persona del sexo masculino y dos m\u00e1s resultaron lesionadas.<\/p>\n\n\n\n<p>Las v\u00edctimas viajaban a bordo de un mototaxi cuando fueron acribillados, tras lo cual los delincuentes huyeron; hasta el momento no se ha identificado a individuo ejecutado.<\/p>\n\n\n\n<p>Tambi\u00e9n por la ma\u00f1ana pero en la c\u00e9ntrica calle Aldama de Juchit\u00e1n un individuo fue atacado a balazos, mientras trasladaba a bordo de su coche tipo Jetta, marca Volkswagen.<\/p>\n\n\n\n<p>El hombre sali\u00f3 ileso y tras lo cual arribaron los polic\u00edas municipales, quienes \u00fanicamente lo invitaron a interponer su denuncia ante la Vicefiscal\u00eda Regional del Istmo.<\/p>\n\n\n\n<p>Mientras que la tarde de hoy en un camino hacia la colonia Carlos S\u00e1nchez fue agredido por disparos de arma de fuego un individuo de origen migrante.<\/p>\n\n\n\n<p>Personal param\u00e9dico del Heroico Cuerpo de Bomberos arrib\u00f3 al sitio y le brind\u00f3 los primeros auxilios para luego trasladarlo a un hospital, donde convalece.<\/p>\n\n\n\n<p>En los tres casos los polic\u00edas municipales llegaron tarde al lugar de los hechos, por lo cual no hay ninguna persona detenida.<\/p>\n\n\n\n<p>Juchit\u00e1n de Zaragoza es gobernada por Miguel S\u00e1nchez Altamirano, de Morena, quien busca la reelecci\u00f3n en el cargo; supli\u00f3 a Emilio Montero P\u00e9rez, actual director del IEEPO y en cuyo mando comenz\u00f3 a recrudecer la violencia.<\/p>\n","protected":false},"excerpt":{"rendered":"<p>Raymundo Morales\/Zona Roja. Oaxaca de Ju\u00e1rez, Oax., a 17 de mayo de 2024.- Al menos&hellip;<\/p>\n","protected":false},"author":2,"featured_media":68481,"comment_status":"closed","ping_status":"open","sticky":false,"template":"","format":"standard","meta":{"_lmt_disableupdate":"","_lmt_disable":"","_jetpack_memberships_contains_paid_content":false,"footnotes":""},"categories":[109,51],"tags":[123],"class_list":["post-68480","post","type-post","status-publish","format-standard","has-post-thumbnail","hentry","category-minuto-a-minuto","category-zona-roja","tag-juchitan-de-zaragoza"],"jetpack_featured_media_url":"https:\/\/zonaroja.com.mx\/wp-content\/uploads\/2024\/05\/Asesinado-Juchitan.jpeg","jetpack_sharing_enabled":true,"_links":{"self":[{"href":"https:\/\/zonaroja.com.mx\/index.php?rest_route=\/wp\/v2\/posts\/68480","targetHints":{"allow":["GET"]}}],"collection":[{"href":"https:\/\/zonaroja.com.mx\/index.php?rest_route=\/wp\/v2\/posts"}],"about":[{"href":"https:\/\/zonaroja.com.mx\/index.php?rest_route=\/wp\/v2\/types\/post"}],"author":[{"embeddable":true,"href":"https:\/\/zonaroja.com.mx\/index.php?rest_route=\/wp\/v2\/users\/2"}],"replies":[{"embeddable":true,"href":"https:\/\/zonaroja.com.mx\/index.php?rest_route=%2Fwp%2Fv2%2Fcomments&post=68480"}],"version-history":[{"count":1,"href":"https:\/\/zonaroja.com.mx\/index.php?rest_route=\/wp\/v2\/posts\/68480\/revisions"}],"predecessor-version":[{"id":68482,"href":"https:\/\/zonaroja.com.mx\/index.php?rest_route=\/wp\/v2\/posts\/68480\/revisions\/68482"}],"wp:featuredmedia":[{"embeddable":true,"href":"https:\/\/zonaroja.com.mx\/index.php?rest_route=\/wp\/v2\/media\/68481"}],"wp:attachment":[{"href":"https:\/\/zonaroja.com.mx\/index.php?rest_route=%2Fwp%2Fv2%2Fmedia&parent=68480"}],"wp:term":[{"taxonomy":"category","embeddable":true,"href":"https:\/\/zonaroja.com.mx\/index.php?rest_route=%2Fwp%2Fv2%2Fcategories&post=68480"},{"taxonomy":"post_tag","embeddable":true,"href":"https:\/\/zonaroja.com.mx\/index.php?rest_route=%2Fwp%2Fv2%2Ftags&post=68480"}],"curies":[{"name":"wp","href":"https:\/\/api.w.org\/{rel}","templated":true}]}}