{"id":68488,"date":"2024-05-18T08:50:00","date_gmt":"2024-05-18T14:50:00","guid":{"rendered":"https:\/\/zonaroja.com.mx\/?p=68488"},"modified":"2024-05-18T07:03:38","modified_gmt":"2024-05-18T13:03:38","slug":"asesinan-en-guerrero-a-candidato-a-regidor-y-a-su-esposa","status":"publish","type":"post","link":"https:\/\/zonaroja.com.mx\/?p=68488","title":{"rendered":"Asesinan en Guerrero a candidato a regidor y a su esposa"},"content":{"rendered":"\n<p>Redacci\u00f3n\/Zona Roja Cdmx. Foto: Tribuna de Bah\u00eda<\/p>\n\n\n\n<p>Ciudad de M\u00e9xico, a 18 de mayo de 2024.- An\u00edbal Z\u00fa\u00f1iga Cort\u00e9s, candidato del PRI-PAN-PRD a regidor en Coyuca de Ben\u00edtez, Guerrero, y su esposa Rub\u00ed Bravo Sol\u00eds, fueron asesinados a balazos este fin de semana.<\/p>\n\n\n\n<p>Los restos de ambas personas fueron localizadas en una camioneta tipo Frontier, marca Nissan, en la avenida Ruiz Cortinez, a la altura de la colonia Alianza Popular de la ciudad de Acapulco, confirmaron autoridades de la Fiscal\u00eda General del Estado.<\/p>\n\n\n\n<p>An\u00edbal Z\u00fa\u00f1iga compet\u00eda por la tercera regidur\u00eda en Coyuca de Ben\u00edtez y era hijo del exdiputado federal y local del PRI, Efra\u00edn Z\u00fa\u00f1iga Galeana.<\/p>\n\n\n\n<p>Por su parte, el Partido Revolucionario Institucional (PRI) en Guerrero confirm\u00f3 los asesinatos:<\/p>\n\n\n\n<p>\u201cCondenamos en\u00e9rgicamente los hechos en que nuestro compa\u00f1ero y candidato a regidor en el municipio de Coyuca de Ben\u00edtez, An\u00edbal Z\u00fa\u00f1iga Cort\u00e9s, y su esposa, la se\u00f1ora Rub\u00ed Bravo Sol\u00eds, fueron cobardemente asesinados, y como miles de mexicanos fueron v\u00edctimas de la violencia\u201d, indic\u00f3 en un comunicado.<\/p>\n\n\n\n<p>\u201cLamentablemente vivimos el proceso electoral hist\u00f3ricamente m\u00e1s violento de nuestro pa\u00eds. El retroceso que M\u00e9xico atraviesa, en todos los aspectos, afecta de manera m\u00e1s dolorosa a las familias por el clima de violencia, exacerbada en los \u00faltimos a\u00f1os y que goza de una impunidad que lastima cada d\u00eda m\u00e1s\u201d, expuso la dirigencia del tricolor.<\/p>\n","protected":false},"excerpt":{"rendered":"<p>Redacci\u00f3n\/Zona Roja Cdmx. Foto: Tribuna de Bah\u00eda Ciudad de M\u00e9xico, a 18 de mayo de&hellip;<\/p>\n","protected":false},"author":2,"featured_media":68489,"comment_status":"closed","ping_status":"open","sticky":false,"template":"","format":"standard","meta":{"_lmt_disableupdate":"","_lmt_disable":"","_jetpack_memberships_contains_paid_content":false,"footnotes":""},"categories":[109,51],"tags":[3940],"class_list":["post-68488","post","type-post","status-publish","format-standard","has-post-thumbnail","hentry","category-minuto-a-minuto","category-zona-roja","tag-anibal-zuniga-cortes"],"jetpack_featured_media_url":"https:\/\/zonaroja.com.mx\/wp-content\/uploads\/2024\/05\/Asesinan-a-candidato-regidor-Coyuca-Guerrero.jpeg","jetpack_sharing_enabled":true,"_links":{"self":[{"href":"https:\/\/zonaroja.com.mx\/index.php?rest_route=\/wp\/v2\/posts\/68488","targetHints":{"allow":["GET"]}}],"collection":[{"href":"https:\/\/zonaroja.com.mx\/index.php?rest_route=\/wp\/v2\/posts"}],"about":[{"href":"https:\/\/zonaroja.com.mx\/index.php?rest_route=\/wp\/v2\/types\/post"}],"author":[{"embeddable":true,"href":"https:\/\/zonaroja.com.mx\/index.php?rest_route=\/wp\/v2\/users\/2"}],"replies":[{"embeddable":true,"href":"https:\/\/zonaroja.com.mx\/index.php?rest_route=%2Fwp%2Fv2%2Fcomments&post=68488"}],"version-history":[{"count":1,"href":"https:\/\/zonaroja.com.mx\/index.php?rest_route=\/wp\/v2\/posts\/68488\/revisions"}],"predecessor-version":[{"id":68490,"href":"https:\/\/zonaroja.com.mx\/index.php?rest_route=\/wp\/v2\/posts\/68488\/revisions\/68490"}],"wp:featuredmedia":[{"embeddable":true,"href":"https:\/\/zonaroja.com.mx\/index.php?rest_route=\/wp\/v2\/media\/68489"}],"wp:attachment":[{"href":"https:\/\/zonaroja.com.mx\/index.php?rest_route=%2Fwp%2Fv2%2Fmedia&parent=68488"}],"wp:term":[{"taxonomy":"category","embeddable":true,"href":"https:\/\/zonaroja.com.mx\/index.php?rest_route=%2Fwp%2Fv2%2Fcategories&post=68488"},{"taxonomy":"post_tag","embeddable":true,"href":"https:\/\/zonaroja.com.mx\/index.php?rest_route=%2Fwp%2Fv2%2Ftags&post=68488"}],"curies":[{"name":"wp","href":"https:\/\/api.w.org\/{rel}","templated":true}]}}