{"id":68494,"date":"2024-05-18T14:07:00","date_gmt":"2024-05-18T20:07:00","guid":{"rendered":"https:\/\/zonaroja.com.mx\/?p=68494"},"modified":"2024-05-18T07:15:52","modified_gmt":"2024-05-18T13:15:52","slug":"violinista-omar-guevara-llega-al-teatro-macedonio-alcala","status":"publish","type":"post","link":"https:\/\/zonaroja.com.mx\/?p=68494","title":{"rendered":"Violinista Omar Guevara llega al teatro Macedonio Alcal\u00e1"},"content":{"rendered":"\n<p>Redacci\u00f3n\/Zona Roja.<\/p>\n\n\n\n<p>Oaxaca de Ju\u00e1rez, Oax., a 18 de mayo de 2024.- \u201cAcuarela. Un disco que re\u00fane piezas del siglo XX y XXI\u201d, la primera producci\u00f3n discogr\u00e1fica del violinista oaxaque\u00f1o Omar Guevara, llega a la tierra natal del artista para presentarse en concierto en el teatro \u201cMacedonio Alcal\u00e1\u201d este domingo 19 de mayo a las seis de la tarde.<\/p>\n\n\n\n<p>En conferencia de prensa, y acompa\u00f1ado por el director del teatro, Esteban San Juan Maldonado, el pianista H\u00e9ctor Cruz y la productora ejecutiva del disco Edna Hern\u00e1ndez, Guevara S\u00e1nchez, comentaron que el \u00e1lbum es una bisagra entre los siglos XX y XXI, as\u00ed como un viaje sonoro en el que cada escucha pintar\u00e1 su propio paisaje.<\/p>\n\n\n\n<p>Por su parte, el pianista H\u00e9ctor Cruz indic\u00f3 que en su conjunto el disco le suena a la Ciudad de M\u00e9xico, m\u00e1s que a Oaxaca aun cuando concluye con una Rapsodia de la Guelaguetza.<\/p>\n\n\n\n<p>En su intervenci\u00f3n, San Juan Maldonado destac\u00f3 que con este disco, Guevara S\u00e1nchez se convierte en el primer violinista oaxaque\u00f1o en grabar un disco en solitario, y por ello el recital del pr\u00f3ximo domingo se convierte en un hecho hist\u00f3rico.<\/p>\n\n\n\n<p>Del contenido, se precis\u00f3 que incluye las piezas: \u201cAcuarela\u201d (para viol\u00edn y piano), de Gerardo Meza S\u00e1nchez; Sonatina Op. 52 N\u00b0 1, de Juan F. Mora (+) con arreglo del violinista jalisciense Higinio Ruvalcaba (+); \u201cOjos llenos de p\u00e1jaros\u201d de Eduardo Gamboa, basado en el poema \u201cMuerde mis labios\u201d de Alberto Ruy S\u00e1nchez; \u201cLuna en el agua\u201d de Eduardo Gamboa, dedicada a Guevara S\u00e1nchez y \u201cRapsodia de la Guelaguetza\u201d de la compositora oaxaque\u00f1a Odette Tapia.<\/p>\n\n\n\n<p>Asimismo, \u201cAcuarela\u201d celebra los 35 a\u00f1os de carrera del m\u00fasico oaxaque\u00f1o, quien hoy se desempe\u00f1a como principal adjunto viol\u00edn de la Orquesta Sinf\u00f3nica Nacional (OSN).<\/p>\n\n\n\n<p>Antes de su actuaci\u00f3n en la capital del estado, el d\u00fao oaxaque\u00f1o se present\u00f3 con \u00e9xito los pasados d\u00edas 17, 20 y 25 de abril en el Museo de la Ciudad de Cuernavaca, Morelos; en la sala de conciertos \u201cElisa Carrillo\u201d del Centro Cultural Mexiquense Bicentenario, en Texcoco, Estado de M\u00e9xico, y en el Auditorio Manuel Toussaint del Museo Universitario Casa de los Mu\u00f1ecos de la BUAP, en la capital poblana, respectivamente.<\/p>\n\n\n\n<p>La gira del disco hecho posible gracias al financiamiento del programa Fomento a Proyectos y Coinversiones Culturales emisi\u00f3n (FPCC) 2022 del Sistema de Apoyos a la Creaci\u00f3n y Proyectos Culturales (SACPC), continuar\u00e1 en escenarios de la Ciudad de M\u00e9xico y el Norte del pa\u00eds, a la par de su lanzamiento en plataformas digitales.<\/p>\n","protected":false},"excerpt":{"rendered":"<p>Redacci\u00f3n\/Zona Roja. Oaxaca de Ju\u00e1rez, Oax., a 18 de mayo de 2024.- \u201cAcuarela. Un disco&hellip;<\/p>\n","protected":false},"author":2,"featured_media":68495,"comment_status":"closed","ping_status":"open","sticky":false,"template":"","format":"standard","meta":{"_lmt_disableupdate":"","_lmt_disable":"","_jetpack_memberships_contains_paid_content":false,"footnotes":""},"categories":[109,46],"tags":[],"class_list":["post-68494","post","type-post","status-publish","format-standard","has-post-thumbnail","hentry","category-minuto-a-minuto","category-zona-blanca"],"jetpack_featured_media_url":"https:\/\/zonaroja.com.mx\/wp-content\/uploads\/2024\/05\/Conferencia-violinista-teatro-alcala.jpeg","jetpack_sharing_enabled":true,"_links":{"self":[{"href":"https:\/\/zonaroja.com.mx\/index.php?rest_route=\/wp\/v2\/posts\/68494","targetHints":{"allow":["GET"]}}],"collection":[{"href":"https:\/\/zonaroja.com.mx\/index.php?rest_route=\/wp\/v2\/posts"}],"about":[{"href":"https:\/\/zonaroja.com.mx\/index.php?rest_route=\/wp\/v2\/types\/post"}],"author":[{"embeddable":true,"href":"https:\/\/zonaroja.com.mx\/index.php?rest_route=\/wp\/v2\/users\/2"}],"replies":[{"embeddable":true,"href":"https:\/\/zonaroja.com.mx\/index.php?rest_route=%2Fwp%2Fv2%2Fcomments&post=68494"}],"version-history":[{"count":1,"href":"https:\/\/zonaroja.com.mx\/index.php?rest_route=\/wp\/v2\/posts\/68494\/revisions"}],"predecessor-version":[{"id":68496,"href":"https:\/\/zonaroja.com.mx\/index.php?rest_route=\/wp\/v2\/posts\/68494\/revisions\/68496"}],"wp:featuredmedia":[{"embeddable":true,"href":"https:\/\/zonaroja.com.mx\/index.php?rest_route=\/wp\/v2\/media\/68495"}],"wp:attachment":[{"href":"https:\/\/zonaroja.com.mx\/index.php?rest_route=%2Fwp%2Fv2%2Fmedia&parent=68494"}],"wp:term":[{"taxonomy":"category","embeddable":true,"href":"https:\/\/zonaroja.com.mx\/index.php?rest_route=%2Fwp%2Fv2%2Fcategories&post=68494"},{"taxonomy":"post_tag","embeddable":true,"href":"https:\/\/zonaroja.com.mx\/index.php?rest_route=%2Fwp%2Fv2%2Ftags&post=68494"}],"curies":[{"name":"wp","href":"https:\/\/api.w.org\/{rel}","templated":true}]}}