{"id":68505,"date":"2024-05-19T07:21:00","date_gmt":"2024-05-19T13:21:00","guid":{"rendered":"https:\/\/zonaroja.com.mx\/?p=68505"},"modified":"2024-05-19T06:23:18","modified_gmt":"2024-05-19T12:23:18","slug":"ine-rechaza-bajar-mananeras-de-jara-pero-lo-llama-a-neutralidad-e-imparcialidad","status":"publish","type":"post","link":"https:\/\/zonaroja.com.mx\/?p=68505","title":{"rendered":"INE rechaza bajar \u201cma\u00f1aneras\u201d de Jara, pero lo llama a neutralidad e imparcialidad"},"content":{"rendered":"\n<p>Redacci\u00f3n\/Zona Roja Cdmx. Foto: Archivo.<\/p>\n\n\n\n<p>Ciudad de M\u00e9xico, a 19 de mayo de 2024.-El Instituto Nacional Electoral (INE) hizo un llamado al gobernador de Oaxaca, Salom\u00f3n Jara Cruz, para que se atenga a los deberes de neutralidad e imparcialidad en el proceso electoral, luego de que en seis conferencias matutinas que ha encabezado en su estado, difundi\u00f3 propaganda gubernamental en periodo prohibido.<\/p>\n\n\n\n<p>El mandatario estatal morenista fue denunciado por el PAN debido a que en 10 ma\u00f1aneras presuntamente emiti\u00f3 manifestaciones y pronunciamientos que podr\u00edan constituir propaganda gubernamental; sin embargo, la Comisi\u00f3n de Quejas y Denuncias del INE s\u00f3lo admiti\u00f3 seis de estas conferencias, las cuales ya fueron bajadas de las redes sociales del gobierno estatal.<\/p>\n\n\n\n<p>Al discutir el caso, Claudia Zavala, consejera presidenta de la citada comisi\u00f3n, expuso que si bien las conferencias fueron eliminadas antes de que iniciara la sesi\u00f3n, es importante reiterar, sobre todo en este \u00faltimo tramo de las campa\u00f1as, que todos los servidores p\u00fablicos \u201ctienen el deber no s\u00f3lo de neutralidad e imparcialidad en el uso de recursos, sino tambi\u00e9n la prohibici\u00f3n espec\u00edfica que tiene que ver con no exhibir logros\u201d.<\/p>\n\n\n\n<p>Insisti\u00f3 en que la responsabilidad y el cuidado de las condiciones de equidad en la contienda electoral, es un deber de todos, incluidos quienes se encuentran al frente de los gobiernos de los estados, poderes ejecutivos, y, sobre todo, cuando tiene esta \u201camplia irradiaci\u00f3n en la ciudadan\u00eda\u201d.<\/p>\n\n\n\n<p>Aunque el PAN tambi\u00e9n hab\u00eda solicitado que se ordenara la suspensi\u00f3n de las ma\u00f1aneras realizadas por el gobierno de Oaxaca, las consejeras Zavala y Rita Bell L\u00f3pez, as\u00ed como el consejero Arturo Castillo, aprobaron que ello es improcedente porque bajo la apariencia del buen derecho, y conforme al criterio del Tribunal Electoral del Poder Judicial de la Federaci\u00f3n (TEPJF), el an\u00e1lisis de cada conferencia debe hacerse por su contenido.<\/p>\n\n\n\n<p>En otro asunto, la Comisi\u00f3n de Quejas y Denuncias rechaz\u00f3 dictar medidas cautelares para bajar un spot para radio y televisi\u00f3n del Partido del Trabajo, denunciado por el PRD, por presunta propaganda calumniosa.<\/p>\n\n\n\n<p>Determin\u00f3 que las manifestaciones contenidas en el anuncio No votes por el PRIAN, para la campa\u00f1a del proceso electoral federal, \u201cest\u00e1n amparadas en el ejercicio de libertad de expresi\u00f3n\u201d.<\/p>\n\n\n\n<p>(Informaci\u00f3n de \u201cLa Jornada\u201d)<\/p>\n","protected":false},"excerpt":{"rendered":"<p>Redacci\u00f3n\/Zona Roja Cdmx. Foto: Archivo. Ciudad de M\u00e9xico, a 19 de mayo de 2024.-El Instituto&hellip;<\/p>\n","protected":false},"author":2,"featured_media":66914,"comment_status":"closed","ping_status":"open","sticky":false,"template":"","format":"standard","meta":{"_lmt_disableupdate":"","_lmt_disable":"","_jetpack_memberships_contains_paid_content":false,"footnotes":""},"categories":[109,46],"tags":[2441],"class_list":["post-68505","post","type-post","status-publish","format-standard","has-post-thumbnail","hentry","category-minuto-a-minuto","category-zona-blanca","tag-salmon-jara-cruz"],"jetpack_featured_media_url":"https:\/\/zonaroja.com.mx\/wp-content\/uploads\/2024\/04\/Conferencia-de-prensa-Salomon-Jara-1-de-abril.jpeg","jetpack_sharing_enabled":true,"_links":{"self":[{"href":"https:\/\/zonaroja.com.mx\/index.php?rest_route=\/wp\/v2\/posts\/68505","targetHints":{"allow":["GET"]}}],"collection":[{"href":"https:\/\/zonaroja.com.mx\/index.php?rest_route=\/wp\/v2\/posts"}],"about":[{"href":"https:\/\/zonaroja.com.mx\/index.php?rest_route=\/wp\/v2\/types\/post"}],"author":[{"embeddable":true,"href":"https:\/\/zonaroja.com.mx\/index.php?rest_route=\/wp\/v2\/users\/2"}],"replies":[{"embeddable":true,"href":"https:\/\/zonaroja.com.mx\/index.php?rest_route=%2Fwp%2Fv2%2Fcomments&post=68505"}],"version-history":[{"count":2,"href":"https:\/\/zonaroja.com.mx\/index.php?rest_route=\/wp\/v2\/posts\/68505\/revisions"}],"predecessor-version":[{"id":68508,"href":"https:\/\/zonaroja.com.mx\/index.php?rest_route=\/wp\/v2\/posts\/68505\/revisions\/68508"}],"wp:featuredmedia":[{"embeddable":true,"href":"https:\/\/zonaroja.com.mx\/index.php?rest_route=\/wp\/v2\/media\/66914"}],"wp:attachment":[{"href":"https:\/\/zonaroja.com.mx\/index.php?rest_route=%2Fwp%2Fv2%2Fmedia&parent=68505"}],"wp:term":[{"taxonomy":"category","embeddable":true,"href":"https:\/\/zonaroja.com.mx\/index.php?rest_route=%2Fwp%2Fv2%2Fcategories&post=68505"},{"taxonomy":"post_tag","embeddable":true,"href":"https:\/\/zonaroja.com.mx\/index.php?rest_route=%2Fwp%2Fv2%2Ftags&post=68505"}],"curies":[{"name":"wp","href":"https:\/\/api.w.org\/{rel}","templated":true}]}}