{"id":68511,"date":"2024-05-19T09:25:00","date_gmt":"2024-05-19T15:25:00","guid":{"rendered":"https:\/\/zonaroja.com.mx\/?p=68511"},"modified":"2024-05-19T06:31:06","modified_gmt":"2024-05-19T12:31:06","slug":"logra-fiscalia-sentencia-de-26-anos-contra-homicida-de-miahuatlan","status":"publish","type":"post","link":"https:\/\/zonaroja.com.mx\/?p=68511","title":{"rendered":"Logra Fiscal\u00eda sentencia de 26 a\u00f1os contra homicida de Miahuatl\u00e1n"},"content":{"rendered":"\n<p>Redacci\u00f3n\/Zona Roja.&nbsp;<\/p>\n\n\n\n<p>Oaxaca de Ju\u00e1rez, Oax., 19 de mayo de 2024.-La Fiscal\u00eda General del Estado de Oaxaca obtuvo una sentencia condenatoria por de 25 a\u00f1os de prisi\u00f3n en contra de E.R.L. o E.L.R., por su responsabilidad en la comisi\u00f3n del delito de homicidio calificado con ventaja en grado de tentativa, hechos ocurridos en la regi\u00f3n de la Sierra Sur.<\/p>\n\n\n\n<p>De acuerdo con el expediente penal, los hechos ocurrieron el 28 de noviembre de 2022, cuando la v\u00edctima se encontraba en su domicilio ubicado en Santo Domingo Ozolotepec, en el municipio de Miahuatl\u00e1n de Porfirio D\u00edaz, sitio a donde lleg\u00f3 el imputado E.R.L. o E.L.R., para agredir a la v\u00edctima de manera f\u00edsica y verbal.<\/p>\n\n\n\n<p>Ante estos hechos, la Fiscal\u00eda General del Estado de Oaxaca -a trav\u00e9s de la Vicefiscal\u00eda General de Control Regional- realiz\u00f3 las investigaciones que permitieron aprehender y presentar ante el Juez de la causa al imputado.<\/p>\n\n\n\n<p>La FGEO present\u00f3 los datos de prueba ante el Juez de la causa, quien despu\u00e9s de analizarlos y evaluarlos, determin\u00f3 dictar sentencia condenatoria en contra de E.R.L. o E.L.R., quien recibi\u00f3 una pena de 25 a\u00f1os de prisi\u00f3n por su responsabilidad en la comisi\u00f3n del delito de homicidio calificado con ventaja en grado de tentativa.<\/p>\n\n\n\n<p>La Fiscal\u00eda de Oaxaca est\u00e1 comprometida con la investigaci\u00f3n de delitos de alto impacto para lo cual aplica protocolos y t\u00e9cnicas cient\u00edficas en las investigaciones de cr\u00edmenes, las cuales permiten brindar certeza en los trabajos de procuraci\u00f3n de justicia.<\/p>\n","protected":false},"excerpt":{"rendered":"<p>Redacci\u00f3n\/Zona Roja.&nbsp; Oaxaca de Ju\u00e1rez, Oax., 19 de mayo de 2024.-La Fiscal\u00eda General del Estado&hellip;<\/p>\n","protected":false},"author":2,"featured_media":68512,"comment_status":"closed","ping_status":"open","sticky":false,"template":"","format":"standard","meta":{"_lmt_disableupdate":"","_lmt_disable":"","_jetpack_memberships_contains_paid_content":false,"footnotes":""},"categories":[109,46],"tags":[494],"class_list":["post-68511","post","type-post","status-publish","format-standard","has-post-thumbnail","hentry","category-minuto-a-minuto","category-zona-blanca","tag-fiscalia-general-del-estado-de-oaxaca"],"jetpack_featured_media_url":"https:\/\/zonaroja.com.mx\/wp-content\/uploads\/2024\/05\/prision-carcel-sentenciado.jpg","jetpack_sharing_enabled":true,"_links":{"self":[{"href":"https:\/\/zonaroja.com.mx\/index.php?rest_route=\/wp\/v2\/posts\/68511","targetHints":{"allow":["GET"]}}],"collection":[{"href":"https:\/\/zonaroja.com.mx\/index.php?rest_route=\/wp\/v2\/posts"}],"about":[{"href":"https:\/\/zonaroja.com.mx\/index.php?rest_route=\/wp\/v2\/types\/post"}],"author":[{"embeddable":true,"href":"https:\/\/zonaroja.com.mx\/index.php?rest_route=\/wp\/v2\/users\/2"}],"replies":[{"embeddable":true,"href":"https:\/\/zonaroja.com.mx\/index.php?rest_route=%2Fwp%2Fv2%2Fcomments&post=68511"}],"version-history":[{"count":1,"href":"https:\/\/zonaroja.com.mx\/index.php?rest_route=\/wp\/v2\/posts\/68511\/revisions"}],"predecessor-version":[{"id":68513,"href":"https:\/\/zonaroja.com.mx\/index.php?rest_route=\/wp\/v2\/posts\/68511\/revisions\/68513"}],"wp:featuredmedia":[{"embeddable":true,"href":"https:\/\/zonaroja.com.mx\/index.php?rest_route=\/wp\/v2\/media\/68512"}],"wp:attachment":[{"href":"https:\/\/zonaroja.com.mx\/index.php?rest_route=%2Fwp%2Fv2%2Fmedia&parent=68511"}],"wp:term":[{"taxonomy":"category","embeddable":true,"href":"https:\/\/zonaroja.com.mx\/index.php?rest_route=%2Fwp%2Fv2%2Fcategories&post=68511"},{"taxonomy":"post_tag","embeddable":true,"href":"https:\/\/zonaroja.com.mx\/index.php?rest_route=%2Fwp%2Fv2%2Ftags&post=68511"}],"curies":[{"name":"wp","href":"https:\/\/api.w.org\/{rel}","templated":true}]}}