{"id":6852,"date":"2019-12-21T16:47:00","date_gmt":"2019-12-21T22:47:00","guid":{"rendered":"https:\/\/www.zonaroja.com.mx\/?p=6852"},"modified":"2019-12-21T17:18:47","modified_gmt":"2019-12-21T23:18:47","slug":"va-con-congreso-local-por-tipificacion-de-delito-por-lesiones-con-sustancias-corrosivas","status":"publish","type":"post","link":"https:\/\/zonaroja.com.mx\/?p=6852","title":{"rendered":"Va con Congreso local por tipificaci\u00f3n de delito por lesiones con sustancias corrosivas"},"content":{"rendered":"\n<p>Evlin Arag\u00f3n\/Zona Roja.<\/p>\n\n\n\n<p>Oaxaca de Ju\u00e1rez, Oax., 21 de diciembre de 2019.- La diputada local por Morena y presidenta de la Comisi\u00f3n de Administraci\u00f3n y Procuraci\u00f3n de Justicia de la 64 Legislatura local, Elisa Zepeda Lagunas, asegur\u00f3 que ya se trabajan la adecuaciones al C\u00f3digo Penal para tipificar el delito de lesiones con sustancias corrosivas y aplicar las sanciones respectivas.<\/p>\n\n\n\n<p>As\u00ed lo dio a conocer a trav\u00e9s de un video en el que explic\u00f3 que se generaron un serie de reuniones para proponer lo anterior en las cuales participaron integrantes de las sociedad civil, dentro de ellas Consorcio Oaxaca, as\u00ed como de la Fiscal\u00eda General del Estado.<\/p>\n\n\n\n<p>\u201cLas propuestas tienen que ver con incorporar el delito de lesiones con sustancias corrosivas y lograr la sanci\u00f3n de estos delitos, estamos comprometidos en abonar en este tema tan importante que apremia en tiempo y en una efectividad para facilitar el acceso a la justicia\u201d, dijo.<\/p>\n\n\n\n<p>La legisladora detall\u00f3 que son varias las comisiones involucradas con la finalidad de concretar las reformas a la ley, dentro de ellas de Igualdad de G\u00e9nero, con la finalidad de garantizar el acceso de justicia de las mujeres en la entidad oaxaque\u00f1a.<\/p>\n\n\n\n<p>Lo anterior luego de que se hiciera viral el caso de la joven saxofonista Mar\u00eda Elena R\u00edos Ortiz, quien fue atacada con \u00e1cido en septiembre pasado en Huajuapan de Le\u00f3n y a la fecha ha perdido un ojo y la movilidad de la mitad de su rostro, de acuerdo con declaraciones de sus familiares.<\/p>\n\n\n\n<p>El caso mantiene la indignaci\u00f3n de la y los oaxaque\u00f1os, as\u00ed como de personas de todas partes del mundo que se han volcado a respaldar la petici\u00f3n de justicia que se subi\u00f3 a la plataforma&nbsp;<a href=\"http:\/\/Change.org\">Change.org<\/a>&nbsp;la cual rebasa las 90 mil adhesiones la ma\u00f1ana de este s\u00e1bado.<\/p>\n\n\n\n<p>\u201cMalena\u201d como la llaman sus familiares se encuentra en la Ciudad de M\u00e9xico recibiendo atenci\u00f3n m\u00e9dica especializada, acci\u00f3n que se logr\u00f3 mediante la presi\u00f3n que ejercieron medios de comunicaci\u00f3n y ciudadan\u00eda en general que llevaron la situaci\u00f3n de la joven a nivel internacional.<\/p>\n\n\n\n<p>Cabe se\u00f1alar que debido&nbsp;a la deficiente atenci\u00f3n m\u00e9dica que recibi\u00f3 durante los tres meses posteriores al ataque en la capital de Oaxaca, los da\u00f1os del qu\u00edmico penetraron sus mejillas, boca, cuello, pecho, brazos y piernas.<br class=\"Apple-interchange-newline\" \/><\/p>\n","protected":false},"excerpt":{"rendered":"<p>Evlin Arag\u00f3n\/Zona Roja. Oaxaca de Ju\u00e1rez, Oax., 21 de diciembre de 2019.- La diputada local&hellip;<\/p>\n","protected":false},"author":2,"featured_media":4863,"comment_status":"closed","ping_status":"open","sticky":false,"template":"","format":"standard","meta":{"_lmt_disableupdate":"","_lmt_disable":"","_jetpack_memberships_contains_paid_content":false,"footnotes":""},"categories":[109,46],"tags":[1124],"class_list":["post-6852","post","type-post","status-publish","format-standard","has-post-thumbnail","hentry","category-minuto-a-minuto","category-zona-blanca","tag-maria-elena-rios-ortiz"],"jetpack_featured_media_url":"https:\/\/zonaroja.com.mx\/wp-content\/uploads\/2019\/10\/Elisa-Zepeda-2-1.jpg","jetpack_sharing_enabled":true,"_links":{"self":[{"href":"https:\/\/zonaroja.com.mx\/index.php?rest_route=\/wp\/v2\/posts\/6852","targetHints":{"allow":["GET"]}}],"collection":[{"href":"https:\/\/zonaroja.com.mx\/index.php?rest_route=\/wp\/v2\/posts"}],"about":[{"href":"https:\/\/zonaroja.com.mx\/index.php?rest_route=\/wp\/v2\/types\/post"}],"author":[{"embeddable":true,"href":"https:\/\/zonaroja.com.mx\/index.php?rest_route=\/wp\/v2\/users\/2"}],"replies":[{"embeddable":true,"href":"https:\/\/zonaroja.com.mx\/index.php?rest_route=%2Fwp%2Fv2%2Fcomments&post=6852"}],"version-history":[{"count":1,"href":"https:\/\/zonaroja.com.mx\/index.php?rest_route=\/wp\/v2\/posts\/6852\/revisions"}],"predecessor-version":[{"id":6853,"href":"https:\/\/zonaroja.com.mx\/index.php?rest_route=\/wp\/v2\/posts\/6852\/revisions\/6853"}],"wp:featuredmedia":[{"embeddable":true,"href":"https:\/\/zonaroja.com.mx\/index.php?rest_route=\/wp\/v2\/media\/4863"}],"wp:attachment":[{"href":"https:\/\/zonaroja.com.mx\/index.php?rest_route=%2Fwp%2Fv2%2Fmedia&parent=6852"}],"wp:term":[{"taxonomy":"category","embeddable":true,"href":"https:\/\/zonaroja.com.mx\/index.php?rest_route=%2Fwp%2Fv2%2Fcategories&post=6852"},{"taxonomy":"post_tag","embeddable":true,"href":"https:\/\/zonaroja.com.mx\/index.php?rest_route=%2Fwp%2Fv2%2Ftags&post=6852"}],"curies":[{"name":"wp","href":"https:\/\/api.w.org\/{rel}","templated":true}]}}