{"id":68521,"date":"2024-05-19T17:58:00","date_gmt":"2024-05-19T23:58:00","guid":{"rendered":"https:\/\/zonaroja.com.mx\/?p=68521"},"modified":"2024-05-19T06:59:33","modified_gmt":"2024-05-19T12:59:33","slug":"opinion-el-capataz-de-la-finca","status":"publish","type":"post","link":"https:\/\/zonaroja.com.mx\/?p=68521","title":{"rendered":"Opini\u00f3n. El capataz de la finca"},"content":{"rendered":"\n<p>Diego Enrique Osorno*<\/p>\n\n\n\n<p>La crisis actual de Chiapas hab\u00eda sido vislumbrada por el an\u00e1lisis zapatista al inicio de este sexenio. En agosto de 2018, con Andr\u00e9s Manuel L\u00f3pez Obrador como flamante presidente electo, escuch\u00e9 a los subcomandantes Mois\u00e9s y Galeano dar unas palabras conjuntas en la clausura de un encuentro de redes de apoyo en el caracol zapatista de Morelia.<\/p>\n\n\n\n<p>Flanqueados por casi un centenar de integrantes de la comandancia del EZLN, explicaron que su forma de valorar la realidad iniciaba por pulsar lo que pasaba en el mundo, luego a nivel continental, despu\u00e9s en lo nacional y finalmente bajaban hasta lo regional y local: as\u00ed caracterizaron aquella vez al sistema capitalista como una de las fincas chiapanecas del siglo pasado.<\/p>\n\n\n\n<p>Los zapatistas ve\u00edan que el capitalismo actual ya no estaba preocupado por la producci\u00f3n de las cosas, debido a que las m\u00e1quinas se encargaban de ello, por lo que su principal necesidad era organizar una sociedad mundial de consumo en la que agua, tierra y aire ser\u00edan las mercanc\u00edas m\u00e1s codiciadas.<\/p>\n\n\n\n<p>Advertida entonces por los zapatistas, la crisis sist\u00e9mica \u2014y de Chiapas\u2014 se centraba en lo ambiental, lo migratorio y la escasez de recursos. El sistema ensayaba un repliegue hacia adentro, \u201ccomo una antiglobalizaci\u00f3n\u201d en la que se construir\u00edan muros legales y materiales para contener la migraci\u00f3n y crear un archipi\u00e9lago para los que tienen riqueza, dejando fuera de \u00e9l a todos los dem\u00e1s, los cuales, para sobrevivir, tendr\u00edamos que acreditarnos como consumidores; caso contrario, ser\u00edamos desechables.<\/p>\n\n\n\n<p>\u201cNosotros us\u00e1bamos el ejemplo de los nonatos ind\u00edgenas. Eran los nonatos porque nac\u00edan y mor\u00edan, sin que nadie les llevara la cuenta y esos nonatos habitaban en estas zonas, por ejemplo, en estas monta\u00f1as que antes no les interesaban, porque las buenas tierras fueron ocupadas por las fincas, por los grandes propietarios y aventaron a los ind\u00edgenas a las monta\u00f1as y ahora resulta que esas monta\u00f1as tienen una riqueza, unas mercanc\u00edas que quiere tambi\u00e9n el capital\u201d.<\/p>\n\n\n\n<p>Seis a\u00f1os despu\u00e9s de aquel an\u00e1lisis, por lo menos 10 mil chiapanecos se encuentran desplazados por una violencia atribuida a pugnas de c\u00e1rteles, aunque el trasfondo real es volver el territorio de Chiapas una finca del siglo pasado. L\u00f3pez Obrador, reiteraban los subcomandantes, en calidad de capataz, ser\u00eda el huevo de la serpiente de este proceso atroz.<\/p>\n\n\n\n<p>*Escritor y periodista.<\/p>\n\n\n\n<p>@DiegoEOsorno<\/p>\n","protected":false},"excerpt":{"rendered":"<p>Diego Enrique Osorno* La crisis actual de Chiapas hab\u00eda sido vislumbrada por el an\u00e1lisis zapatista&hellip;<\/p>\n","protected":false},"author":2,"featured_media":67760,"comment_status":"closed","ping_status":"open","sticky":false,"template":"","format":"standard","meta":{"_lmt_disableupdate":"","_lmt_disable":"","_jetpack_memberships_contains_paid_content":false,"footnotes":""},"categories":[456,109],"tags":[3020],"class_list":["post-68521","post","type-post","status-publish","format-standard","has-post-thumbnail","hentry","category-columna","category-minuto-a-minuto","tag-diego-enrique-osorno"],"jetpack_featured_media_url":"https:\/\/zonaroja.com.mx\/wp-content\/uploads\/2024\/04\/Diego-Enrique-Osorno.jpeg","jetpack_sharing_enabled":true,"_links":{"self":[{"href":"https:\/\/zonaroja.com.mx\/index.php?rest_route=\/wp\/v2\/posts\/68521","targetHints":{"allow":["GET"]}}],"collection":[{"href":"https:\/\/zonaroja.com.mx\/index.php?rest_route=\/wp\/v2\/posts"}],"about":[{"href":"https:\/\/zonaroja.com.mx\/index.php?rest_route=\/wp\/v2\/types\/post"}],"author":[{"embeddable":true,"href":"https:\/\/zonaroja.com.mx\/index.php?rest_route=\/wp\/v2\/users\/2"}],"replies":[{"embeddable":true,"href":"https:\/\/zonaroja.com.mx\/index.php?rest_route=%2Fwp%2Fv2%2Fcomments&post=68521"}],"version-history":[{"count":1,"href":"https:\/\/zonaroja.com.mx\/index.php?rest_route=\/wp\/v2\/posts\/68521\/revisions"}],"predecessor-version":[{"id":68522,"href":"https:\/\/zonaroja.com.mx\/index.php?rest_route=\/wp\/v2\/posts\/68521\/revisions\/68522"}],"wp:featuredmedia":[{"embeddable":true,"href":"https:\/\/zonaroja.com.mx\/index.php?rest_route=\/wp\/v2\/media\/67760"}],"wp:attachment":[{"href":"https:\/\/zonaroja.com.mx\/index.php?rest_route=%2Fwp%2Fv2%2Fmedia&parent=68521"}],"wp:term":[{"taxonomy":"category","embeddable":true,"href":"https:\/\/zonaroja.com.mx\/index.php?rest_route=%2Fwp%2Fv2%2Fcategories&post=68521"},{"taxonomy":"post_tag","embeddable":true,"href":"https:\/\/zonaroja.com.mx\/index.php?rest_route=%2Fwp%2Fv2%2Ftags&post=68521"}],"curies":[{"name":"wp","href":"https:\/\/api.w.org\/{rel}","templated":true}]}}