{"id":68523,"date":"2024-05-19T06:59:00","date_gmt":"2024-05-19T12:59:00","guid":{"rendered":"https:\/\/zonaroja.com.mx\/?p=68523"},"modified":"2024-05-19T07:20:32","modified_gmt":"2024-05-19T13:20:32","slug":"acuerda-la-s-22-continuar-con-planton-y-paro-educativo-preven-boicot-electoral","status":"publish","type":"post","link":"https:\/\/zonaroja.com.mx\/?p=68523","title":{"rendered":"Acuerda la S-22 continuar con \u201cplant\u00f3n\u201d y paro educativo; prev\u00e9n boicot electoral"},"content":{"rendered":"\n<p>Raymundo Morales\/Zona Roja.<\/p>\n\n\n\n<p>Oaxaca de Ju\u00e1rez, Oax., a 12 de mayo de 2024.- La Asamblea Estatal Permanente de la Secci\u00f3n 22 del SNTE acord\u00f3 la madrugada de ayer continuar con el \u201cplant\u00f3n\u201d en el Centro Hist\u00f3rico de la capital de Oaxaca, as\u00ed como el paro de labores educativas.<\/p>\n\n\n\n<p>De acuerdo con los primeros reportes, ser\u00e1 al menos otra semana en que contin\u00faen las movilizaciones del magisterio, que iniciaron el pasado 15 de mayo, al considerar insuficientes las respuestas de los gobiernos estatal y federal a sus demandas.<\/p>\n\n\n\n<p>Mientras tanto anoche, el gobernador Salom\u00f3n Jara Cruz public\u00f3 en sus redes sociales una imagen de una reuni\u00f3n como la Comisi\u00f3n Pol\u00edtica de la Secci\u00f3n 22 y detall\u00f3:<\/p>\n\n\n\n<p>\u201cPorque en nuestro gobierno atendemos las causas y aspiraciones leg\u00edtimas del magisterio democr\u00e1tico oaxaque\u00f1o, este s\u00e1bado entregamos la segunda respuesta al pliego petitorio de la dirigencia de la Secci\u00f3n 22 del Sindicato Nacional de Trabajadores de la Educaci\u00f3n #SNTE.&nbsp;<\/p>\n\n\n\n<p>\u201cLas puertas estar\u00e1n abiertas para seguir avanzando en la soluci\u00f3n de sus demandas, para lograr una educaci\u00f3n de calidad para todas y todos\u201d.<\/p>\n\n\n\n<p>Luego de la reuni\u00f3n plenaria de ayer, la Asamblea Estatal Permanente se instal\u00f3 ayer despu\u00e9s de las 19:00 horas y se decret\u00f3 un receso a las 01:53 horas de este domingo.<\/p>\n\n\n\n<p>\u201cEn voz de la secretaria General de la Secci\u00f3n XXII, Yenny Aracely P\u00e9rez Mart\u00ednez, se receso la Asamblea Estatal&nbsp; siendo los primeros minutos del d\u00eda domingo, retomando el plan de acci\u00f3n a realizarse en el marco del PARO INDEFINIDO\u201d, difundi\u00f3 Cencos Secci\u00f3n Veintid\u00f3s.<\/p>\n\n\n\n<p>Previo a ello se difundieron los acuerdos logrados en la asamblea plenaria, en que se destaca que una movilizaci\u00f3n hoy en Asunci\u00f3n Nochixtl\u00e1n, para conmemorar el aniversario de la masacre en ese municipio, ocurrida en 2016, y a fin de exigir justicia plena.<\/p>\n\n\n\n<p>Asimismo, se tiene programado que durante la semana cierren las instalaciones de Petr\u00f3leos Mexicanos en Santa Mar\u00eda El Tule, el acceso al Aeropuerto Internacional de Oaxaca, ubicado en Santa Cruz Xoxocotl\u00e1n.<\/p>\n\n\n\n<p>Tambi\u00e9n bloqueos carreteros y boicot \u201ca la farsa electoral\u201d.<\/p>\n\n\n\n<p>Tambi\u00e9n se emplaz\u00f3 al Gobierno del Estado a que a m\u00e1s tardar el 23 de junio entregue una tercera respuesta a sus demandas; el d\u00eda 24 consultar\u00e1n a las bases acerca de si se contin\u00faan o suspenden las movilizaciones; el s\u00e1bado 25 reanudar\u00edan la Asamblea Estatal para tomar nuevas determinaciones.<\/p>\n","protected":false},"excerpt":{"rendered":"<p>Raymundo Morales\/Zona Roja. Oaxaca de Ju\u00e1rez, Oax., a 12 de mayo de 2024.- La Asamblea&hellip;<\/p>\n","protected":false},"author":2,"featured_media":68524,"comment_status":"closed","ping_status":"open","sticky":false,"template":"","format":"standard","meta":{"_lmt_disableupdate":"","_lmt_disable":"","_jetpack_memberships_contains_paid_content":false,"footnotes":""},"categories":[109,47],"tags":[312],"class_list":["post-68523","post","type-post","status-publish","format-standard","has-post-thumbnail","hentry","category-minuto-a-minuto","category-zona-gris","tag-seccion-22-del-snte"],"jetpack_featured_media_url":"https:\/\/zonaroja.com.mx\/wp-content\/uploads\/2024\/05\/GNtRj-gW0AEBzg0.jpeg","jetpack_sharing_enabled":true,"_links":{"self":[{"href":"https:\/\/zonaroja.com.mx\/index.php?rest_route=\/wp\/v2\/posts\/68523","targetHints":{"allow":["GET"]}}],"collection":[{"href":"https:\/\/zonaroja.com.mx\/index.php?rest_route=\/wp\/v2\/posts"}],"about":[{"href":"https:\/\/zonaroja.com.mx\/index.php?rest_route=\/wp\/v2\/types\/post"}],"author":[{"embeddable":true,"href":"https:\/\/zonaroja.com.mx\/index.php?rest_route=\/wp\/v2\/users\/2"}],"replies":[{"embeddable":true,"href":"https:\/\/zonaroja.com.mx\/index.php?rest_route=%2Fwp%2Fv2%2Fcomments&post=68523"}],"version-history":[{"count":1,"href":"https:\/\/zonaroja.com.mx\/index.php?rest_route=\/wp\/v2\/posts\/68523\/revisions"}],"predecessor-version":[{"id":68525,"href":"https:\/\/zonaroja.com.mx\/index.php?rest_route=\/wp\/v2\/posts\/68523\/revisions\/68525"}],"wp:featuredmedia":[{"embeddable":true,"href":"https:\/\/zonaroja.com.mx\/index.php?rest_route=\/wp\/v2\/media\/68524"}],"wp:attachment":[{"href":"https:\/\/zonaroja.com.mx\/index.php?rest_route=%2Fwp%2Fv2%2Fmedia&parent=68523"}],"wp:term":[{"taxonomy":"category","embeddable":true,"href":"https:\/\/zonaroja.com.mx\/index.php?rest_route=%2Fwp%2Fv2%2Fcategories&post=68523"},{"taxonomy":"post_tag","embeddable":true,"href":"https:\/\/zonaroja.com.mx\/index.php?rest_route=%2Fwp%2Fv2%2Ftags&post=68523"}],"curies":[{"name":"wp","href":"https:\/\/api.w.org\/{rel}","templated":true}]}}