{"id":68526,"date":"2024-05-19T14:20:00","date_gmt":"2024-05-19T20:20:00","guid":{"rendered":"https:\/\/zonaroja.com.mx\/?p=68526"},"modified":"2024-05-19T07:28:29","modified_gmt":"2024-05-19T13:28:29","slug":"luis-rodrigo-alvarez-un-arqueologo-apasionado-por-oaxaca","status":"publish","type":"post","link":"https:\/\/zonaroja.com.mx\/?p=68526","title":{"rendered":"Luis Rodrigo \u00c1lvarez, un arque\u00f3logo apasionado por Oaxaca"},"content":{"rendered":"\n<p>Redacci\u00f3n\/Zona Roja.<\/p>\n\n\n\n<p>Oaxaca de Ju\u00e1rez, Oax., a 19 de mayo de 2024.- Existen personas que por su gran curr\u00edculo son dignos de todos los homenajes, pero existen&nbsp;personajes que no solo poseen&nbsp;enorme cantidad de laureles debido&nbsp;a su trayectoria acad\u00e9mica sino&nbsp;tambi\u00e9n por su capacidad de ser aut\u00e9nticos maestros no solo de la universidad sino de la vida misma.&nbsp;<\/p>\n\n\n\n<p>Es el caso del&nbsp;arque\u00f3logo y antrop\u00f3logo&nbsp;Luis Rodrigo \u00c1lvarez, un investigador&nbsp;y escritor al que, a pesar de no haber nacido en Oaxaca, los oaxaque\u00f1os le debemos mucho.<\/p>\n\n\n\n<p>\u00c9l mismo y sus padres&nbsp;fueron&nbsp;parte del exilio espa\u00f1ol despu\u00e9s de la&nbsp;dram\u00e1tica Guerra Civil Espa\u00f1ola. Gracias a&nbsp;esa tragedia&nbsp;nuestro pa\u00eds se enriqueci\u00f3 intelectualmente al&nbsp;recibirlos y&nbsp;darles una nueva patria en donde vivir&nbsp;y desarrollarse.&nbsp;<\/p>\n\n\n\n<p>Naci\u00f3 en la ciudad de M\u00e9xico en 1943&nbsp;y su grado acad\u00e9mico correcto es el de&nbsp;Maestro en&nbsp;Ciencias Antropol\u00f3gicas.<\/p>\n\n\n\n<p>Probablemente usted sea uno de quienes&nbsp;estudiaron su bachillerato&nbsp;con&nbsp;uno de sus libros y no lo sabe&nbsp;todav\u00eda. \u00c9l es el autor del m\u00e1s completo e informado libro de geograf\u00eda escrito sobre Oaxaca en los \u00faltimos&nbsp;cuarenta a\u00f1os, y no ha sido superado.&nbsp;<\/p>\n\n\n\n<p>A&nbsp;mediados&nbsp;de los a\u00f1os&nbsp;80 del siglo pasado gan\u00f3 el&nbsp;concurso convocado por la entonces Direcci\u00f3n de Cultura y&nbsp;Recreaci\u00f3n&nbsp;del gobierno del estado&nbsp;para elaborar&nbsp;un&nbsp;volumen&nbsp;de geograf\u00eda general que sirviera como libro de texto.&nbsp;<\/p>\n\n\n\n<p>Tan buena result\u00f3 su investigaci\u00f3n&nbsp;que&nbsp;se convirti\u00f3 en&nbsp;el libro de&nbsp;cabecera&nbsp;de esa materia en&nbsp;muchas instituciones locales y, por lo mismo,&nbsp;ha sido reimpreso en m\u00faltiples ocasiones.&nbsp;El&nbsp;libro es:&nbsp;\u201cGeograf\u00eda General del Estado de Oaxaca\u201d.<\/p>\n\n\n\n<p>Su libro es un trabajo enciclop\u00e9dico, pero tambi\u00e9n es resguardo de una serie de an\u00e9cdotas previas a su salida de prensas&nbsp;en las que participaron su editor, Claudio S\u00e1nchez Islas, de Editorial Carteles, y el inolvidable profesor Ventura de \u201cLa Proveedora Escolar\u201d que vieron en la obra el enorme potencial que tendr\u00eda para la educaci\u00f3n en Oaxaca e impulsaron por todos los medios su&nbsp;impresi\u00f3n&nbsp;y distribuci\u00f3n.&nbsp;<\/p>\n\n\n\n<p>Result\u00f3 una publicaci\u00f3n pionera que abord\u00f3, desde los a\u00f1os 80, el problema de la degradaci\u00f3n ambiental.<\/p>\n\n\n\n<p>Nos dice&nbsp;su hija Delia:&nbsp;\u201cDesde muy ni\u00f1o tuvo un gran inter\u00e9s por la historia, la m\u00fasica, la literatura y particularmente, por el campo, lo que lo llev\u00f3 a decantarse por estudiar su carrera profesional como Arque\u00f3logo en la primera generaci\u00f3n que realiz\u00f3 examen de ingreso de la Escuela Nacional de Antropolog\u00eda e Historia, en 1963.&nbsp;<\/p>\n\n\n\n<p>Por razones familiares, en 1967 ingres\u00f3 a la Escuela de Antropolog\u00eda de la Universidad Veracruzana en Jalapa, para terminar ah\u00ed sus estudios como maestro en Ciencias Antropol\u00f3gicas\u201d.<\/p>\n\n\n\n<p>Su trayectoria como investigador&nbsp;es muy vasta, rica,&nbsp;interesante&nbsp;y trascendente. Ya desde estudiante tuvo la oportunidad de trabajar al lado de grandes&nbsp;maestros arque\u00f3logos en importantes proyectos.&nbsp;Colabor\u00f3 con el&nbsp;arque\u00f3logo&nbsp;Jos\u00e9 Luis Lorenzo&nbsp;en la elaboraci\u00f3n de la \u201cSala de los or\u00edgenes\u201d de uno de los museos m\u00e1s importantes del mundo, nuestro Museo Nacional de Antropolog\u00eda e Historia, en Chapultepec, mientras se constru\u00eda&nbsp;a principios de los a\u00f1os 60;&nbsp;con el muy&nbsp;reconocido arque\u00f3logo Eduardo Matos Moctezuma hizo equipo&nbsp;en la exploraci\u00f3n de un altar mexica en honor a Tl\u00e1loc en el centro hist\u00f3rico de la CDMX&nbsp;a unos pasos&nbsp;del&nbsp;ahora descubierto Templo Mayor y&nbsp;tambi\u00e9n&nbsp;en exploraciones teotihuacanas&nbsp;en Culhuac\u00e1n o en trabajos en la misma Pir\u00e1mide del Sol.<\/p>\n\n\n\n<p>Para los a\u00f1os 70 su destino lo acercaba a Oaxaca puesto que, para la Universidad Veracruzana, trabaj\u00f3 en proyectos de levantamientos topogr\u00e1ficos&nbsp;de sitios arqueol\u00f3gicos en las cuencas medias y bajas de los r\u00edos Jamapa, Actopan, Papaloapan y San Juan, al mismo tiempo que se relacionaba con los&nbsp;arque\u00f3logos m\u00e1s importantes de la \u00e9poca&nbsp;a trav\u00e9s de cursos especializados.&nbsp;<\/p>\n\n\n\n<p>Ah\u00ed conoci\u00f3 a maestros que lo marcar\u00edan de por vida: a los Dres.&nbsp;William Timothy Sanders, Kent V. Flannery y Pedro Armillas Carrasco.<\/p>\n\n\n\n<p>Fue hasta que&nbsp;ingres\u00f3 al INAH&nbsp;que se qued\u00f3 en nuestra tierra&nbsp;de manera definitiva&nbsp;porque lleg\u00f3 para iniciar los trabajos&nbsp;de&nbsp;la&nbsp;oficina regional&nbsp;de la instituci\u00f3n.&nbsp;<\/p>\n\n\n\n<p>Ya estaba enamorado de una mujer oaxaque\u00f1a, ahora se enamorar\u00eda para siempre de Oaxaca.&nbsp;Gracias a ello&nbsp;Luis Rodrigo ha realizado una extraordinaria labor que ha enriquecido nuestro conocimiento sobre nuestra propia tierra. Nos&nbsp;dice su hija: \u201cDesde ah\u00ed, se dio a la tarea de recorrer una buena parte de los 262 sitios registrados. Conoci\u00f3 en la Mixteca lugares como&nbsp;Huamel\u00falpam, Tlaxiaco, Tayata, Achiutla, Teposcolula, Yucundaa, etc., as\u00ed como San Pedro Ixtlahuaca, Arrazola y gran parte del per\u00edmetro de Monte Alb\u00e1n.&nbsp;<\/p>\n\n\n\n<p>\u201cHizo reconocimientos arqueol\u00f3gicos en la Mixteca Alta, Mixteca Baja, Ca\u00f1ada, Zona Chontal e Istmo, haciendo levantamientos topogr\u00e1ficos de sitios y observaci\u00f3n de materiales superficiales. Entre otros, hizo el reconocimiento integral del sitio arqueol\u00f3gico de San Juan Diquiy\u00fa, Municipio de Tezoatl\u00e1n, Huajuapan.\u201d<\/p>\n\n\n\n<p>Sus&nbsp;investigaciones&nbsp;lo llevaron&nbsp;a descubrir que los antiguos habitantes del valle usaron el sistema de chinampas para sus cultivos en la zona de la Ci\u00e9nega de Zimatl\u00e1n y en San Juan Teitipac, pero tambi\u00e9n a descubrir&nbsp;una pintura&nbsp;en la parte baja del retablo de la iglesia de Tlacochahuaya&nbsp;del pintor flamenco Sim\u00f3n de Pereyns, qui\u00e9n tambi\u00e9n pint\u00f3 un retablo en el Altar Mayor de la Catedral de la Ciudad de M\u00e9xico.<\/p>\n\n\n\n<p>Ha recibido toda clase de reconocimientos acad\u00e9micos y participado en congresos y conferencias. Merecidamente, el ayuntamiento de Oaxaca de Ju\u00e1rez, en 1995, le otorg\u00f3 el t\u00edtulo de \u201cCiudadano distinguido\u201d.&nbsp;Pero lo que&nbsp;m\u00e1s&nbsp;ha disfrutado es el reconocimiento y el agradecimiento que sus propios alumnos le han hecho a lo largo de su&nbsp;carrera&nbsp;al&nbsp;considerarlo&nbsp;un gran&nbsp;maestrosiempre dispuesto a dar de s\u00ed todo lo necesario en beneficio de sus estudiantes. Luis Rodrigo \u00c1lvarez merece no solo reconocimiento sino tambi\u00e9n el agradecimiento de esta generosa tierra.<\/p>\n\n\n\n<p>(Informaci\u00f3n de N\u00e9stor Y. S\u00e1nchez y Javier Toledo Flores)<\/p>\n\n\n\n<p>Contacto: nestoryuri@yahoo.com<\/p>\n","protected":false},"excerpt":{"rendered":"<p>Redacci\u00f3n\/Zona Roja. Oaxaca de Ju\u00e1rez, Oax., a 19 de mayo de 2024.- Existen personas que&hellip;<\/p>\n","protected":false},"author":2,"featured_media":68527,"comment_status":"closed","ping_status":"open","sticky":false,"template":"","format":"standard","meta":{"_lmt_disableupdate":"","_lmt_disable":"","_jetpack_memberships_contains_paid_content":false,"footnotes":""},"categories":[109,46],"tags":[3942],"class_list":["post-68526","post","type-post","status-publish","format-standard","has-post-thumbnail","hentry","category-minuto-a-minuto","category-zona-blanca","tag-luis-rodrigo-alvarez"],"jetpack_featured_media_url":"https:\/\/zonaroja.com.mx\/wp-content\/uploads\/2024\/05\/Antropologo-Luis-Rodrigo-Alvarez.jpg","jetpack_sharing_enabled":true,"_links":{"self":[{"href":"https:\/\/zonaroja.com.mx\/index.php?rest_route=\/wp\/v2\/posts\/68526","targetHints":{"allow":["GET"]}}],"collection":[{"href":"https:\/\/zonaroja.com.mx\/index.php?rest_route=\/wp\/v2\/posts"}],"about":[{"href":"https:\/\/zonaroja.com.mx\/index.php?rest_route=\/wp\/v2\/types\/post"}],"author":[{"embeddable":true,"href":"https:\/\/zonaroja.com.mx\/index.php?rest_route=\/wp\/v2\/users\/2"}],"replies":[{"embeddable":true,"href":"https:\/\/zonaroja.com.mx\/index.php?rest_route=%2Fwp%2Fv2%2Fcomments&post=68526"}],"version-history":[{"count":1,"href":"https:\/\/zonaroja.com.mx\/index.php?rest_route=\/wp\/v2\/posts\/68526\/revisions"}],"predecessor-version":[{"id":68528,"href":"https:\/\/zonaroja.com.mx\/index.php?rest_route=\/wp\/v2\/posts\/68526\/revisions\/68528"}],"wp:featuredmedia":[{"embeddable":true,"href":"https:\/\/zonaroja.com.mx\/index.php?rest_route=\/wp\/v2\/media\/68527"}],"wp:attachment":[{"href":"https:\/\/zonaroja.com.mx\/index.php?rest_route=%2Fwp%2Fv2%2Fmedia&parent=68526"}],"wp:term":[{"taxonomy":"category","embeddable":true,"href":"https:\/\/zonaroja.com.mx\/index.php?rest_route=%2Fwp%2Fv2%2Fcategories&post=68526"},{"taxonomy":"post_tag","embeddable":true,"href":"https:\/\/zonaroja.com.mx\/index.php?rest_route=%2Fwp%2Fv2%2Ftags&post=68526"}],"curies":[{"name":"wp","href":"https:\/\/api.w.org\/{rel}","templated":true}]}}