{"id":68529,"date":"2024-05-19T20:27:56","date_gmt":"2024-05-20T02:27:56","guid":{"rendered":"https:\/\/zonaroja.com.mx\/?p=68529"},"modified":"2024-05-19T20:27:58","modified_gmt":"2024-05-20T02:27:58","slug":"participa-neri-en-foro-sobre-migracion-propone-ejes-para-atender-fenomeno","status":"publish","type":"post","link":"https:\/\/zonaroja.com.mx\/?p=68529","title":{"rendered":"Participa Neri en foro sobre migraci\u00f3n; propone ejes para atender fen\u00f3meno"},"content":{"rendered":"\n<p>Redacci\u00f3n\/Zona Roja.<\/p>\n\n\n\n<p>Oaxaca de Ju\u00e1rez, Oax. 18 de mayo de 2024.- El candidato a la Presidencia Municipal de Oaxaca de Ju\u00e1rez, Francisco Mart\u00ednez Neri particip\u00f3 en el \u201cForo migrante\u201d para compartir perspectivas que coadyuven a fortalecer acciones institucionales en materia migratoria.<\/p>\n\n\n\n<p>Durante el intercambio de ideas, Mart\u00ednez Neri propuso atender el fen\u00f3meno a trav\u00e9s de tres ejes: 1) pol\u00edtica exterior, 2) legislaci\u00f3n y 3) procesos administrativos, desde el contexto nacional.&nbsp;<\/p>\n\n\n\n<p>\u201cMe parece muy afortunado el hecho que podamos abrir los debates, que empecemos a trabajar sobre ideas y desde luego que m\u00e1s adelante ojal\u00e1 puedan concretarlas en legislaci\u00f3n o en otro tipo de instrumentos que sirvan para que haya un mejor trato, una mejor vida para quienes decidieron salir de sus lugares de origen, no necesariamente por su voluntad\u201d, comparti\u00f3.<\/p>\n\n\n\n<p>En las instalaciones de la Facultad de Contadur\u00eda y Administraci\u00f3n, Mart\u00ednez Neri subray\u00f3 el compromiso de contribuir en condiciones de tr\u00e1nsito m\u00e1s seguras para las personas migrantes que buscan llegar al pa\u00eds vecino del norte.<\/p>\n\n\n\n<p>\u201cEs muy importante que se hagan este tipo de reuniones con el prop\u00f3sito de crear, de principio, cierta sinergia, a lo mejor algunas ideas que puedan captarse como propuestas de iniciativas de ley\u201d, indic\u00f3 Mart\u00ednez Neri acompa\u00f1ado de Karina Vargas Nava, candidata a la Presidencia Municipal de Silacayo\u00e1pan.&nbsp;<\/p>\n\n\n\n<p>Francisco Mart\u00ednez Neri agradeci\u00f3 a Kevin Ruiz, candidato a diputado plurinominal (cuota migrante), por la invitaci\u00f3n a participar en el espacio de discusi\u00f3n.<\/p>\n","protected":false},"excerpt":{"rendered":"<p>Redacci\u00f3n\/Zona Roja. Oaxaca de Ju\u00e1rez, Oax. 18 de mayo de 2024.- El candidato a la&hellip;<\/p>\n","protected":false},"author":2,"featured_media":68530,"comment_status":"closed","ping_status":"open","sticky":false,"template":"","format":"standard","meta":{"_lmt_disableupdate":"","_lmt_disable":"","_jetpack_memberships_contains_paid_content":false,"footnotes":""},"categories":[109,46],"tags":[2418],"class_list":["post-68529","post","type-post","status-publish","format-standard","has-post-thumbnail","hentry","category-minuto-a-minuto","category-zona-blanca","tag-francisco-martinez-neri"],"jetpack_featured_media_url":"https:\/\/zonaroja.com.mx\/wp-content\/uploads\/2024\/05\/Neri-foro-migracion.jpg","jetpack_sharing_enabled":true,"_links":{"self":[{"href":"https:\/\/zonaroja.com.mx\/index.php?rest_route=\/wp\/v2\/posts\/68529","targetHints":{"allow":["GET"]}}],"collection":[{"href":"https:\/\/zonaroja.com.mx\/index.php?rest_route=\/wp\/v2\/posts"}],"about":[{"href":"https:\/\/zonaroja.com.mx\/index.php?rest_route=\/wp\/v2\/types\/post"}],"author":[{"embeddable":true,"href":"https:\/\/zonaroja.com.mx\/index.php?rest_route=\/wp\/v2\/users\/2"}],"replies":[{"embeddable":true,"href":"https:\/\/zonaroja.com.mx\/index.php?rest_route=%2Fwp%2Fv2%2Fcomments&post=68529"}],"version-history":[{"count":1,"href":"https:\/\/zonaroja.com.mx\/index.php?rest_route=\/wp\/v2\/posts\/68529\/revisions"}],"predecessor-version":[{"id":68531,"href":"https:\/\/zonaroja.com.mx\/index.php?rest_route=\/wp\/v2\/posts\/68529\/revisions\/68531"}],"wp:featuredmedia":[{"embeddable":true,"href":"https:\/\/zonaroja.com.mx\/index.php?rest_route=\/wp\/v2\/media\/68530"}],"wp:attachment":[{"href":"https:\/\/zonaroja.com.mx\/index.php?rest_route=%2Fwp%2Fv2%2Fmedia&parent=68529"}],"wp:term":[{"taxonomy":"category","embeddable":true,"href":"https:\/\/zonaroja.com.mx\/index.php?rest_route=%2Fwp%2Fv2%2Fcategories&post=68529"},{"taxonomy":"post_tag","embeddable":true,"href":"https:\/\/zonaroja.com.mx\/index.php?rest_route=%2Fwp%2Fv2%2Ftags&post=68529"}],"curies":[{"name":"wp","href":"https:\/\/api.w.org\/{rel}","templated":true}]}}