{"id":68532,"date":"2024-05-19T21:00:48","date_gmt":"2024-05-20T03:00:48","guid":{"rendered":"https:\/\/zonaroja.com.mx\/?p=68532"},"modified":"2024-05-19T21:00:50","modified_gmt":"2024-05-20T03:00:50","slug":"otro-ataque-a-candidato-en-chiapas-ahora-con-5-muertos","status":"publish","type":"post","link":"https:\/\/zonaroja.com.mx\/?p=68532","title":{"rendered":"Otro ataque a candidato en Chiapas, ahora con 5 muertos"},"content":{"rendered":"\n<p>Redacci\u00f3n\/Zona Roja Cdmx.<\/p>\n\n\n\n<p>Ciudad de M\u00e9xico, a 18 de mayo de 2024.- Contin\u00faa la violencia en contra de aspirantes a un cargo de elecci\u00f3n popular en Chiapas.&nbsp;<\/p>\n\n\n\n<p>La madrugada del domingo 19 de mayo, fue baleado el convoy donde viajaban Nicol\u00e1s Noriega Zavala, candidato de Morena a la presidencia municipal de Mapastepec, y su equipo de campa\u00f1a.<\/p>\n\n\n\n<p>De acuerdo con informaci\u00f3n preliminar, los hechos ocurrieron cuando regresaban de un baile y el ataque armado habr\u00eda dejado al menos cinco muertos, y dos colaboradores gravemente heridos, entre ellos un candidato a regidor.<\/p>\n\n\n\n<p>En redes sociales, el presidente municipal con licencia confirm\u00f3 la agresi\u00f3n, de la cual result\u00f3 ileso y conden\u00f3 el asesinato de sus compa\u00f1eros:<\/p>\n\n\n\n<p>\u201cAmigos m\u00edos quienes partieron de una manera cobarde lamento profundamente sus muertes, jam\u00e1s la maldad reinar\u00e1 en nuestros corazones , somos m\u00e1s quienes amamos a la vida, quienes pensamos en el bien me quedo con sus alegr\u00edas, sus risas, sus deseos de ver mejor a nuestro pueblo, esas pl\u00e1ticas que siempre tuvimos donde siempre me expresaron sus ideales hoy est\u00e1n en un lugar mejor pero dejan nuestros corazones destrozados, ruego a Dios que les de sabidur\u00eda y entendimiento a cada familia afectada, pido a toda la sociedad nos unamos que valoremos la vida y que ese carisma y legado de cada uno de nuestros amigos haya valido la pena\u201d.<\/p>\n\n\n\n<p>De acuerdo con \u201cMilenio\u201d, los agresores viajaban a bordo de dos veh\u00edculos y desde ah\u00ed le dispararon a una de las camionetas del equipo. Se sabe que el candidato no contaba con un equipo especial de seguridad y por ahora se desconoce si hab\u00eda sido amenazado previamente.<\/p>\n\n\n\n<p>Por su parte, la Fiscal\u00eda General del Estado (FGE) de Chiapas inform\u00f3 que elementos de la Polic\u00eda de Investigaci\u00f3n y de Servicios Periciales adscritos a la Fiscal\u00eda de Distrito Istmo Costa acudieron al lugar confirmando la ubicaci\u00f3n del veh\u00edculo atacado, \u201cen cuyo interior estaban los cuerpos sin vida de quienes respond\u00edan al nombre de Anayeli \u201cN\u201d, Emmanuel \u201cN\u201d, Sami Daniel \u201cN\u201d, Jos\u00e9 del Carmen \u201cN\u201d quienes presentaban lesiones por proyectil de arma de fuego. Resultaron lesionados tambi\u00e9n por proyectil de arma de fuego Jos\u00e9 Antonio \u201cN\u201d, Marcia \u201cN\u201d y Karina \u201cN\u201d, qui\u00e9nes fueron trasladados a un hospital donde Karina \u201cN\u201d perdi\u00f3 la vida\u201d.<\/p>\n\n\n\n<p>VISIT\u00d3 AMLO<\/p>\n\n\n\n<p>El presidente Andr\u00e9s Manuel L\u00f3pez Obrador visit\u00f3 Chiapas el pasado viernes 17 de mayo, apenas unas horas despu\u00e9s del asesinato de Lucero L\u00f3pez Maza, candidata del Partido Popular Chiapaneco a la presidencia municipal de La Concordia.&nbsp;<\/p>\n\n\n\n<p>Los hechos ocurrieron durante un evento de campa\u00f1a, cuando se desat\u00f3 un enfrentamiento armado entre civiles; este deriv\u00f3 en la muerte de tres mujeres, entre ellas la candidata y una menor de edad, y tres hombres, tambi\u00e9n hubo otros dos heridos por las balas.<\/p>\n\n\n\n<p>Pese a lo cruento del ataque, el mandatario neg\u00f3 el aumento de violencia en la entidad: \u201cQuiero expresar que en cinco a\u00f1os no hemos tenido problemas de inseguridad grave en Chiapas\u201d, dijo, aunque confirm\u00f3 que la Secretar\u00eda de la Defensa Nacional (Sedena) estaba atendiendo el caso y record\u00f3 que en el estado hay m\u00e1s de 6 mil elementos de la Guardia Nacional.<\/p>\n\n\n\n<p>Horas despu\u00e9s, en el municipio de Villa Corzo, fue atacado a disparos el convoy donde viajaba el candidato a alcalde de Morena en dicha demarcaci\u00f3n, Robertony Orozco.&nbsp;<\/p>\n\n\n\n<p>El aspirante y su equipo circulaban por el tramo carretero Villa Corzo-San Buenavista cuando les dispararon. De acuerdo con la Fiscal\u00eda General del Estado (FGE), hubo tres fallecidos y dos heridos, entre ellos el aspirante.<\/p>\n\n\n\n<p>El viernes por la noche tambi\u00e9n se registr\u00f3 un ataque en contra del equipo de campa\u00f1a de Linda Higuera Guti\u00e9rrez, candidata del Partido Verde Ecologista de M\u00e9xico (PVEM) a la presidencia municipal de San Crist\u00f3bal de las Casas. La aspirante denunci\u00f3 que al terminar un evento con la Comunidad LGBT+, un grupo de pandilleros en motoneta apedrearon y golpearon con tubos su camioneta.<\/p>\n\n\n\n<p>(Informaci\u00f3n de Infoba M\u00e9xico)<\/p>\n","protected":false},"excerpt":{"rendered":"<p>Redacci\u00f3n\/Zona Roja Cdmx. Ciudad de M\u00e9xico, a 18 de mayo de 2024.- Contin\u00faa la violencia&hellip;<\/p>\n","protected":false},"author":2,"featured_media":68533,"comment_status":"closed","ping_status":"open","sticky":false,"template":"","format":"standard","meta":{"_lmt_disableupdate":"","_lmt_disable":"","_jetpack_memberships_contains_paid_content":false,"footnotes":""},"categories":[109,51],"tags":[3943],"class_list":["post-68532","post","type-post","status-publish","format-standard","has-post-thumbnail","hentry","category-minuto-a-minuto","category-zona-roja","tag-nicolas-noriega-mapastepec"],"jetpack_featured_media_url":"https:\/\/zonaroja.com.mx\/wp-content\/uploads\/2024\/05\/Atentado-candidato-Mapastepec-Chiapas.jpeg","jetpack_sharing_enabled":true,"_links":{"self":[{"href":"https:\/\/zonaroja.com.mx\/index.php?rest_route=\/wp\/v2\/posts\/68532","targetHints":{"allow":["GET"]}}],"collection":[{"href":"https:\/\/zonaroja.com.mx\/index.php?rest_route=\/wp\/v2\/posts"}],"about":[{"href":"https:\/\/zonaroja.com.mx\/index.php?rest_route=\/wp\/v2\/types\/post"}],"author":[{"embeddable":true,"href":"https:\/\/zonaroja.com.mx\/index.php?rest_route=\/wp\/v2\/users\/2"}],"replies":[{"embeddable":true,"href":"https:\/\/zonaroja.com.mx\/index.php?rest_route=%2Fwp%2Fv2%2Fcomments&post=68532"}],"version-history":[{"count":1,"href":"https:\/\/zonaroja.com.mx\/index.php?rest_route=\/wp\/v2\/posts\/68532\/revisions"}],"predecessor-version":[{"id":68534,"href":"https:\/\/zonaroja.com.mx\/index.php?rest_route=\/wp\/v2\/posts\/68532\/revisions\/68534"}],"wp:featuredmedia":[{"embeddable":true,"href":"https:\/\/zonaroja.com.mx\/index.php?rest_route=\/wp\/v2\/media\/68533"}],"wp:attachment":[{"href":"https:\/\/zonaroja.com.mx\/index.php?rest_route=%2Fwp%2Fv2%2Fmedia&parent=68532"}],"wp:term":[{"taxonomy":"category","embeddable":true,"href":"https:\/\/zonaroja.com.mx\/index.php?rest_route=%2Fwp%2Fv2%2Fcategories&post=68532"},{"taxonomy":"post_tag","embeddable":true,"href":"https:\/\/zonaroja.com.mx\/index.php?rest_route=%2Fwp%2Fv2%2Ftags&post=68532"}],"curies":[{"name":"wp","href":"https:\/\/api.w.org\/{rel}","templated":true}]}}