{"id":68538,"date":"2024-05-20T06:59:55","date_gmt":"2024-05-20T12:59:55","guid":{"rendered":"https:\/\/zonaroja.com.mx\/?p=68538"},"modified":"2024-05-20T06:59:57","modified_gmt":"2024-05-20T12:59:57","slug":"opinion-luego-de-ser-purificado-por-morena-olvidan-delitos-de-murat","status":"publish","type":"post","link":"https:\/\/zonaroja.com.mx\/?p=68538","title":{"rendered":"Opini\u00f3n. Luego de ser \u201cpurificado\u201d por Morena, olvidan delitos de Murat"},"content":{"rendered":"\n<p>Ismael Garc\u00eda M.\/Zona Roja.<\/p>\n\n\n\n<p>Oaxaca, Oax., a 20 de mayo de 2024.- Luego de haber sido \u201cpurificado\u201d y \u201csantificado\u201d como morenista por parte del presidente de Morena, Mario Delgado, y por el propio mandatario L\u00f3pez Obrador, en Oaxaca ya se olvidaron los delitos de Alejandro Murat.<\/p>\n\n\n\n<p>Un a\u00f1o y medio despu\u00e9s, las obras inconclusas siguen arrumbadas; sigue sin haber claridad en los tres mil 500 millones de pesos que el ex priista solicit\u00f3 como pr\u00e9stamo, avalado por la 63 Legislatura.<\/p>\n\n\n\n<p>Las obras sin terminar siguen igual, en su mayor\u00eda en el olvido y en espera de que el tiempo acabe por destruirlas.&nbsp;<\/p>\n\n\n\n<p>\u00bfRealmente olvid\u00f3 el gobierno de Salom\u00f3n Jara Cruz los abusos de poder del hijo de Jos\u00e9 Murat Casab? O s\u00f3lo est\u00e1n esperando a que pase el proceso electoral para reiniciar las andanadas legales.<\/p>\n\n\n\n<p>Porque pese a las estridencias gubernamentales de hace un a\u00f1o, simplemente los casos no avanzan. \u00bfO hay dilaci\u00f3n y favoritismo desde la Fiscal\u00eda Anticorrupci\u00f3n y desde el Poder Judicial hacia los Murat? De otra manera ano se entiende la falta de justicia.<\/p>\n\n\n\n<p>SIN \u201cPECES GORDOS\u201d<\/p>\n\n\n\n<p>Ya hemos dicho y se ha dicho hasta la saciedad el c\u00famulo de irregularidades en las supuestas megaobras que dej\u00f3 inconclusas Alejandro Murat Hinojosa.&nbsp;<\/p>\n\n\n\n<p>Ah\u00ed est\u00e1 el Centro de Convenciones de Bah\u00edas de Huatulco, que sigue inservible salvo una ocasi\u00f3n, en que la controvertida secretaria de Turismo, Saymi Pineda, decidi\u00f3 utilizarlo para un evento p\u00fablico, pese a las fallas estructurales.<\/p>\n\n\n\n<p>Ah\u00ed est\u00e1n los trabajos del Circuito Interior, que se presumi\u00f3 haber pavimentado desde San Lorenzo Cacaotepec hasta Santa Cruz Xoxocotl\u00e1n; pero hay un tramo, en inmediaciones de la agencia de Pueblo Nuevo, que no se rehabilit\u00f3.<\/p>\n\n\n\n<p>Mientras que otros tramos sobre la ribera del r\u00edo \u201cAtoyac\u201d, principalmente en la ciudad de Oaxaca, siguen da\u00f1ados e intransitables.<\/p>\n\n\n\n<p>Ah\u00ed est\u00e1 el Centro Cultural de la capital, un enorme elefante blanco, en lo que fue la sede del teatro \u201c\u00c1lvaro Carrillo\u201d de la capital. Ning\u00fan uso, ninguna sanci\u00f3n, ninguna reparaci\u00f3n.<\/p>\n\n\n\n<p>Ah\u00ed est\u00e1 otro megafraude, la rehabilitaci\u00f3n de la avenida S\u00edmbolos Patrios, al sur de la ciudad de Oaxaca, y que sigue sin ser concluida.<\/p>\n\n\n\n<p>Por cierto, \u00bfy qu\u00e9 pas\u00f3 con los integrantes o supuestos integrantes del \u201cC\u00e1rtel del Despojo\u201d? \u00bfY qu\u00e9 pas\u00f3 con las dem\u00e1s patentes de notario que Alejandro Murat regal\u00f3 a sus amigos y c\u00f3mplices? El de Alejandro Nassar Pi\u00f1eyro, por ejemplo, sigue operando, pese a que supuestamente fue suspendido.<\/p>\n\n\n\n<p>\u00bfY qu\u00e9 pas\u00f3 con las m\u00e1s de mil bases laborales que supuestamente se entregaron de manera irregular el sexenio pasado? \u00bfAlguien sabe si ya se sancion\u00f3 el desastres que es el Citybus, pese a lo cual pusieron ese servicio de transporte en servicio?, nada m\u00e1s hay que asomarse en el Perif\u00e9rico de la capital para darse cuenta de trabajos tirados, con costos millonarios. La lista es larga, pero la justicia muy corta.<\/p>\n\n\n\n<p>\u00bfYA NEGOCIARON?<\/p>\n\n\n\n<p>En a\u00f1o y medio, apenas se han detenido no m\u00e1s de 10 funcionarios y s\u00f3lo uno de ellos titular de una secretar\u00eda, Javier Lazcano Vargas, y por una nimiedad, no por el c\u00famulo de irregularidades durante el sexenio muratista.<\/p>\n\n\n\n<p>De lo que fue la Secretar\u00eda de las Infraestructuras, est\u00e1n tambi\u00e9n Leopoldo Gilberto L\u00f3pez, subsecretario de Obras P\u00fablicas; Rub\u00e9n C\u00e9sar Mendoza, director de Control y Evaluaci\u00f3n de Obra P\u00fablica; Manuel Meza Corres, subsecretario de Obras,&nbsp;y Alejandro Crist\u00f3bal Canseco Antonio, jefe de Infraestructura Urbana y Residente de Obra. Pero igual, por detalles menores.<\/p>\n\n\n\n<p>Del caso Citybus, s\u00f3lo un detenido, y fue por Guillermo Guzm\u00e1n Saavedra, pero por carecer de facultad para firmar un contrato.<\/p>\n\n\n\n<p>Del caso del \u201cC\u00e1rtel del Despojo\u201d, est\u00e1n en la c\u00e1rcel los Jorge Z\u00e1rate, padre e hijo; del Instituto de Estudios de Bachillerato, Alejandro Aroche.<\/p>\n\n\n\n<p>Por cierto, de Javier Lazcano, detenido a finales de noviembre en la Ciudad de M\u00e9xico, pero s\u00f3lo porque se realizaron pagos indebidos por 50 millones de pesos en las obras de la avenida S\u00edmbolos Patrios, nada m\u00e1s.<\/p>\n\n\n\n<p>\u00bfQui\u00e9n ha negociado impunidad? En Oaxaca hay muchas pistas que llevan a la Fiscal\u00eda Anticorrupci\u00f3n, que encabeza Jorge Emilio Iruegas y donde basta una mala integraci\u00f3n del expediente para perder el caso.<\/p>\n\n\n\n<p>O la jugada se complementa en el Poder Judicial del Estado, donde tambi\u00e9n bastan esas peque\u00f1as o grandes irregularidades en la integraci\u00f3n de los casos, para echar abajo las acusaciones, lo cual ocurrir\u00e1 en la mayor\u00eda de los casos.<\/p>\n\n\n\n<p>Por supuesto que los Murat siguen dominando la administraci\u00f3n de justicia, mientras que en la Fiscal\u00eda Anticorrupci\u00f3n, el titular fue designado en el sexenio de Alejandro Murat.<\/p>\n\n\n\n<p>FELIZ, FELIZ, FELIZ<\/p>\n\n\n\n<p>Mientras tanto Alejandro Murat, como dice el propio Presidente Andr\u00e9s Manuel L\u00f3pez Obrador, anda feliz, feliz, feliz.<\/p>\n\n\n\n<p>Renunci\u00f3 al PRI a mediados de noviembre del a\u00f1o pasado y pocas semanas despu\u00e9s, en la tercera semana de febrero, ya apareci\u00f3 en la lista de candidatos plurinominales al Senado de la Rep\u00fablica.<\/p>\n\n\n\n<p>Pretendi\u00f3 ganar reflectores, un mes despu\u00e9s, intentado hacer esc\u00e1ndalo en la oficina de X\u00f3chitl G\u00e1lvez, cual cancerbero, pero sus afanes medi\u00e1ticos no prosperaron.<\/p>\n\n\n\n<p>Desapareci\u00f3 pr\u00e1cticamente del escenario pol\u00edtico, sabedor de que est\u00e1 a punto de alcanzar impunidad legislativa en el Senado, salvo hace una semana, en que se present\u00f3 en el estado de Morelos\u2026 para respaldar a la candidata a gobernadora de esa entidad.<\/p>\n\n\n\n<p>El caso es que se cree intocable por la bendici\u00f3n presidencial y nadie duda que pronto regrese a Oaxaca \u2014como ya lo hizo en una ocasi\u00f3n en el sexenio jarista\u2014 para mofarse de la justicia y para presumir su impunidad por los cuatro vientos.<\/p>\n","protected":false},"excerpt":{"rendered":"<p>Ismael Garc\u00eda M.\/Zona Roja. Oaxaca, Oax., a 20 de mayo de 2024.- Luego de haber&hellip;<\/p>\n","protected":false},"author":2,"featured_media":67764,"comment_status":"closed","ping_status":"open","sticky":false,"template":"","format":"standard","meta":{"_lmt_disableupdate":"","_lmt_disable":"","_jetpack_memberships_contains_paid_content":false,"footnotes":""},"categories":[456,109,48],"tags":[1353],"class_list":["post-68538","post","type-post","status-publish","format-standard","has-post-thumbnail","hentry","category-columna","category-minuto-a-minuto","category-zona-critica","tag-opinion-zona-critica"],"jetpack_featured_media_url":"https:\/\/zonaroja.com.mx\/wp-content\/uploads\/2024\/04\/Opinion-Zona-Roja-Ismael-Garcia.jpg","jetpack_sharing_enabled":true,"_links":{"self":[{"href":"https:\/\/zonaroja.com.mx\/index.php?rest_route=\/wp\/v2\/posts\/68538","targetHints":{"allow":["GET"]}}],"collection":[{"href":"https:\/\/zonaroja.com.mx\/index.php?rest_route=\/wp\/v2\/posts"}],"about":[{"href":"https:\/\/zonaroja.com.mx\/index.php?rest_route=\/wp\/v2\/types\/post"}],"author":[{"embeddable":true,"href":"https:\/\/zonaroja.com.mx\/index.php?rest_route=\/wp\/v2\/users\/2"}],"replies":[{"embeddable":true,"href":"https:\/\/zonaroja.com.mx\/index.php?rest_route=%2Fwp%2Fv2%2Fcomments&post=68538"}],"version-history":[{"count":1,"href":"https:\/\/zonaroja.com.mx\/index.php?rest_route=\/wp\/v2\/posts\/68538\/revisions"}],"predecessor-version":[{"id":68539,"href":"https:\/\/zonaroja.com.mx\/index.php?rest_route=\/wp\/v2\/posts\/68538\/revisions\/68539"}],"wp:featuredmedia":[{"embeddable":true,"href":"https:\/\/zonaroja.com.mx\/index.php?rest_route=\/wp\/v2\/media\/67764"}],"wp:attachment":[{"href":"https:\/\/zonaroja.com.mx\/index.php?rest_route=%2Fwp%2Fv2%2Fmedia&parent=68538"}],"wp:term":[{"taxonomy":"category","embeddable":true,"href":"https:\/\/zonaroja.com.mx\/index.php?rest_route=%2Fwp%2Fv2%2Fcategories&post=68538"},{"taxonomy":"post_tag","embeddable":true,"href":"https:\/\/zonaroja.com.mx\/index.php?rest_route=%2Fwp%2Fv2%2Ftags&post=68538"}],"curies":[{"name":"wp","href":"https:\/\/api.w.org\/{rel}","templated":true}]}}