{"id":6854,"date":"2019-12-21T18:53:35","date_gmt":"2019-12-22T00:53:35","guid":{"rendered":"http:\/\/www.zonaroja.com.mx\/?p=6854"},"modified":"2019-12-21T18:53:38","modified_gmt":"2019-12-22T00:53:38","slug":"acoso-laboral-de-la-seculta-la-acusan-de-fracturar-la-banda-de-musica-de-oaxaca","status":"publish","type":"post","link":"https:\/\/zonaroja.com.mx\/?p=6854","title":{"rendered":"Acoso laboral de la Seculta; la acusan de fracturar la Banda de M\u00fasica de Oaxaca"},"content":{"rendered":"\n<p>Redacci\u00f3n\/Zona\nRoja.<\/p>\n\n\n\n<p>Oaxaca de\nJu\u00e1rez, Oax., 21 de diciembre de 2019.- El percusionista de la Banda de M\u00fasica\ndel Estado de Oaxaca, Alejandro Luis Mart\u00ednez, denunci\u00f3 su despido\ninjustificado luego de pertenecer a la agrupaci\u00f3n por m\u00e1s de 12 a\u00f1os.<\/p>\n\n\n\n<p>Ello como\nparte de una decisi\u00f3n de Adriana Aguilar Escobar, titular de la Secretar\u00eda de\nlas Culturas y las Artes (Seculta), que solo fracturar\u00e1 el proyecto musical.<\/p>\n\n\n\n<p>En un\nmensaje que difundi\u00f3 a los medios de comunicaci\u00f3n, explic\u00f3 que se trata de una\nestrategia de acoso laboral hacia las y los m\u00fasicos oaxaque\u00f1os por lo que pidi\u00f3\na los responsables de los hechos recapacitar y permitir que la Banda de M\u00fasica\ncumpla con su labor en beneficio de la sociedad oaxaque\u00f1a. <\/p>\n\n\n\n<p>\u201cEspero\nque los responsables de esta decisi\u00f3n recapaciten y dejen de seguir acosando\nlaboralmente a la Banda de M\u00fasica del Estado de Oaxaca, y permitan que esta\ninstituci\u00f3n pueda realizar sus labores musicales con la mayor profesionalidad\nque los caracteriza\u201d, dijo. <\/p>\n\n\n\n<p>En este\nsentido, asegur\u00f3 que todos los integrantes de la agrupaci\u00f3n son sabedores de la\ncapacidad y entrega que ha que ha demostrado en todo momento, haciendo lo que\nm\u00e1s ama en la vida, a la par que lament\u00f3 que el t\u00e9rmino de su contrato laboral\nlo deja sin el sustento para sacar adelante a su familia.<\/p>\n\n\n\n<p>Al\nrespecto y mediante un oficio con 58 firmas de adhesi\u00f3n, incluida la del\ndirector&nbsp; de la banda Felix M\u00e9ndez\nGarc\u00eda, manifestaron su total desacuerdo con la no renovaci\u00f3n del contrato\nlaboral del maestro Alejandro Luis Mart\u00ednez y el acoso que se ha generado en\ncontra de quienes integran la agrupaci\u00f3n. <\/p>\n\n\n\n<p>Explicaron\nque no se tom\u00f3 en cuenta la opini\u00f3n del director de la agrupaci\u00f3n y mucho menos\nla de la Comisi\u00f3n Art\u00edstica de la emblem\u00e1tica y centenaria instituci\u00f3n musical,\npor lo que exigieron a la titular de la Seculta alto a la pol\u00edtica de acoso en\ncontra de la comunidad musical con a\u00f1os de probada experiencia.<\/p>\n\n\n\n<p>\u201cPor este\ny otro sucesos que han afectado a esta instituci\u00f3n de una manera unilateral,\nexigimos un alto al acoso laboral del cual estamos siendo objetos\u201d, cita el\noficio que dirigieron a la principal autoridad en materia cultural.<\/p>\n","protected":false},"excerpt":{"rendered":"<p>Redacci\u00f3n\/Zona Roja. Oaxaca de Ju\u00e1rez, Oax., 21 de diciembre de 2019.- El percusionista de la&hellip;<\/p>\n","protected":false},"author":2,"featured_media":6855,"comment_status":"closed","ping_status":"open","sticky":false,"template":"","format":"standard","meta":{"_lmt_disableupdate":"","_lmt_disable":"","_jetpack_memberships_contains_paid_content":false,"footnotes":""},"categories":[109,47],"tags":[1162,1161],"class_list":["post-6854","post","type-post","status-publish","format-standard","has-post-thumbnail","hentry","category-minuto-a-minuto","category-zona-gris","tag-adriana-aguilar-escobar","tag-secretaria-de-las-culturas-y-las-artes"],"jetpack_featured_media_url":"https:\/\/zonaroja.com.mx\/wp-content\/uploads\/2019\/12\/Seculta.jpg","jetpack_sharing_enabled":true,"_links":{"self":[{"href":"https:\/\/zonaroja.com.mx\/index.php?rest_route=\/wp\/v2\/posts\/6854","targetHints":{"allow":["GET"]}}],"collection":[{"href":"https:\/\/zonaroja.com.mx\/index.php?rest_route=\/wp\/v2\/posts"}],"about":[{"href":"https:\/\/zonaroja.com.mx\/index.php?rest_route=\/wp\/v2\/types\/post"}],"author":[{"embeddable":true,"href":"https:\/\/zonaroja.com.mx\/index.php?rest_route=\/wp\/v2\/users\/2"}],"replies":[{"embeddable":true,"href":"https:\/\/zonaroja.com.mx\/index.php?rest_route=%2Fwp%2Fv2%2Fcomments&post=6854"}],"version-history":[{"count":1,"href":"https:\/\/zonaroja.com.mx\/index.php?rest_route=\/wp\/v2\/posts\/6854\/revisions"}],"predecessor-version":[{"id":6856,"href":"https:\/\/zonaroja.com.mx\/index.php?rest_route=\/wp\/v2\/posts\/6854\/revisions\/6856"}],"wp:featuredmedia":[{"embeddable":true,"href":"https:\/\/zonaroja.com.mx\/index.php?rest_route=\/wp\/v2\/media\/6855"}],"wp:attachment":[{"href":"https:\/\/zonaroja.com.mx\/index.php?rest_route=%2Fwp%2Fv2%2Fmedia&parent=6854"}],"wp:term":[{"taxonomy":"category","embeddable":true,"href":"https:\/\/zonaroja.com.mx\/index.php?rest_route=%2Fwp%2Fv2%2Fcategories&post=6854"},{"taxonomy":"post_tag","embeddable":true,"href":"https:\/\/zonaroja.com.mx\/index.php?rest_route=%2Fwp%2Fv2%2Ftags&post=6854"}],"curies":[{"name":"wp","href":"https:\/\/api.w.org\/{rel}","templated":true}]}}