{"id":68546,"date":"2024-05-20T07:45:50","date_gmt":"2024-05-20T13:45:50","guid":{"rendered":"https:\/\/zonaroja.com.mx\/?p=68546"},"modified":"2024-05-20T07:45:52","modified_gmt":"2024-05-20T13:45:52","slug":"declara-seccion-22-insuficiente-segunda-respuesta-del-gobierno-a-pliego-petitorio","status":"publish","type":"post","link":"https:\/\/zonaroja.com.mx\/?p=68546","title":{"rendered":"Declara Secci\u00f3n 22 insuficiente segunda respuesta del gobierno a pliego petitorio"},"content":{"rendered":"\n<p>Ismael Garc\u00eda M.\/Zona Roja.<\/p>\n\n\n\n<p>Oaxaca de Ju\u00e1rez, Oax., a 20 de mayo de 2024.- Como insuficientes declar\u00f3 la Secci\u00f3n 22 del Sindicato Nacional de Trabajadores de la Educaci\u00f3n (SNTE) la segunda respuesta del gobierno de Oaxaca el pliego petitorio.<\/p>\n\n\n\n<p>Fue el pasado viernes en que el titular del Poder Ejecutivo, Salom\u00f3n Jara Cruz, se reuni\u00f3 con la dirigencia magisterial, que encabeza Yenny Aracely P\u00e9rez Mart\u00ednez, donde entreg\u00f3 el documento que contiene las propuestas de soluci\u00f3n a las demandas.<\/p>\n\n\n\n<p>\u201cCon un estrategia dilatoria, al no establecer fechas concretas para dar soluci\u00f3n a cada demanda del pliego petitorio, la asamblea estatal permanente declara como insuficiente las respuestas\u201d, indic\u00f3 anoche la gremial.<\/p>\n\n\n\n<p>En tanto que en la Asamblea Estatal del pasado s\u00e1bado, la Secci\u00f3n 22 del SNTE, aglutinada en la Coordinadora Nacional de Trabajadores de la Educaci\u00f3n (CNTE), emplaz\u00f3 al gobierno a entregar a m\u00e1s tardar el viernes la tercera respuesta al pliego petitorio.<\/p>\n\n\n\n<p>Tras un receso del fin de semana en sus movilizaciones, el magisterio reanuda este lunes sus movilizaciones iniciadas el pasado 15 de mayo.<\/p>\n\n\n\n<p>Para hoy prev\u00e9n bloquear accesos al aeropuerto internacional \u201cBenito Ju\u00e1rez\u201d, ubicado en Santa Cruz Xoxocotl\u00e1n; tambi\u00e9n cercar la Planta de Almacenamiento de Pemex, en Santa Mar\u00eda El Tule.<\/p>\n\n\n\n<p>De la misma manera, bloquear las casetas de peaje en la regi\u00f3n Valles Centrales y bloquear establecimientos comerciales.<\/p>\n\n\n\n<p>Este es el sexto d\u00eda de protestas, que incluye un \u201cplant\u00f3n\u201d permanente en el Centro de la Ciudad de Oaxaca y el paro de labores educativas, en perjuicio de cerca de un mill\u00f3n de ni\u00f1as y ni\u00f1os del nivel b\u00e1sico.<\/p>\n","protected":false},"excerpt":{"rendered":"<p>Ismael Garc\u00eda M.\/Zona Roja. Oaxaca de Ju\u00e1rez, Oax., a 20 de mayo de 2024.- Como&hellip;<\/p>\n","protected":false},"author":2,"featured_media":68548,"comment_status":"closed","ping_status":"open","sticky":false,"template":"","format":"standard","meta":{"_lmt_disableupdate":"","_lmt_disable":"","_jetpack_memberships_contains_paid_content":false,"footnotes":""},"categories":[109,47],"tags":[312],"class_list":["post-68546","post","type-post","status-publish","format-standard","has-post-thumbnail","hentry","category-minuto-a-minuto","category-zona-gris","tag-seccion-22-del-snte"],"jetpack_featured_media_url":"https:\/\/zonaroja.com.mx\/wp-content\/uploads\/2024\/05\/Insuficientes-las-respuestas-pliego-petitorio-Seccion-22.jpg","jetpack_sharing_enabled":true,"_links":{"self":[{"href":"https:\/\/zonaroja.com.mx\/index.php?rest_route=\/wp\/v2\/posts\/68546","targetHints":{"allow":["GET"]}}],"collection":[{"href":"https:\/\/zonaroja.com.mx\/index.php?rest_route=\/wp\/v2\/posts"}],"about":[{"href":"https:\/\/zonaroja.com.mx\/index.php?rest_route=\/wp\/v2\/types\/post"}],"author":[{"embeddable":true,"href":"https:\/\/zonaroja.com.mx\/index.php?rest_route=\/wp\/v2\/users\/2"}],"replies":[{"embeddable":true,"href":"https:\/\/zonaroja.com.mx\/index.php?rest_route=%2Fwp%2Fv2%2Fcomments&post=68546"}],"version-history":[{"count":1,"href":"https:\/\/zonaroja.com.mx\/index.php?rest_route=\/wp\/v2\/posts\/68546\/revisions"}],"predecessor-version":[{"id":68549,"href":"https:\/\/zonaroja.com.mx\/index.php?rest_route=\/wp\/v2\/posts\/68546\/revisions\/68549"}],"wp:featuredmedia":[{"embeddable":true,"href":"https:\/\/zonaroja.com.mx\/index.php?rest_route=\/wp\/v2\/media\/68548"}],"wp:attachment":[{"href":"https:\/\/zonaroja.com.mx\/index.php?rest_route=%2Fwp%2Fv2%2Fmedia&parent=68546"}],"wp:term":[{"taxonomy":"category","embeddable":true,"href":"https:\/\/zonaroja.com.mx\/index.php?rest_route=%2Fwp%2Fv2%2Fcategories&post=68546"},{"taxonomy":"post_tag","embeddable":true,"href":"https:\/\/zonaroja.com.mx\/index.php?rest_route=%2Fwp%2Fv2%2Ftags&post=68546"}],"curies":[{"name":"wp","href":"https:\/\/api.w.org\/{rel}","templated":true}]}}