{"id":68550,"date":"2024-05-20T09:20:00","date_gmt":"2024-05-20T15:20:00","guid":{"rendered":"https:\/\/zonaroja.com.mx\/?p=68550"},"modified":"2024-05-20T07:58:12","modified_gmt":"2024-05-20T13:58:12","slug":"exige-san-vicente-coatlan-reanudar-dialogo-para-solucionar-lio-con-sola-de-vega","status":"publish","type":"post","link":"https:\/\/zonaroja.com.mx\/?p=68550","title":{"rendered":"Exige San Vicente Coatl\u00e1n reanudar di\u00e1logo para solucionar l\u00edo con Sola de Vega"},"content":{"rendered":"\n<p>Raymundo Morales\/Zona Roja.<\/p>\n\n\n\n<p>Oaxaca de Ju\u00e1rez, Oax., a 20 de mayo de 2024.- El Comisariado de Bienes Comunales de San Vicente Coatl\u00e1n demand\u00f3 al Presidente Andr\u00e9s Manuel L\u00f3pez Obrador y al gobernador Salom\u00f3n Jara Cruz retomar las mesas de di\u00e1logo para hallar soluci\u00f3n al conflicto agrario con Villa Sola de Vega.<\/p>\n\n\n\n<p>\u201cDesde su primera visita el 12 de junio de 2021 a la comunidad de San Vicente Coatl\u00e1n, la asamblea de comuneros extern\u00f3 su voluntad de fortalecimiento de ls mesas de di\u00e1logo para la soluci\u00f3n al conflicto agrario, social y de violencia.<\/p>\n\n\n\n<p>\u201cSe han realizado un sinf\u00edn de reuniones en las mesas de di\u00e1logo, con cada comunidad de manera individual y mesas plenarias entre ambas comunidades, para llegar a la soluci\u00f3n al conflicto\u201d, exponen en un documento dado a conocer este lunes.<\/p>\n\n\n\n<p>A nueve meses de la \u00faltima reuni\u00f3n&nbsp;y sin ning\u00fan avance en las mesas de di\u00e1logo, exhortan a Luisa Mar\u00eda Alcalde Luj\u00e1n, secretaria de Gobernaci\u00f3n del Poder Ejecutivo federal, para que a la brevedad se retomen las pl\u00e1ticas.<\/p>\n\n\n\n<p>\u201cLa comunidad de San Vicente Coatl\u00e1n, como fue autorizado por su asamblea de comuneros, ha generado todas las condiciones para el desarrollo de la regi\u00f3n, Oaxaca y M\u00e9xico\u201d, expone en su documento.<\/p>\n\n\n\n<p>Lamentan que desde julio del a\u00f1o 2023 no ha existido ning\u00fan avance, por lo que advierten del riesgo de desatarse la violencia \u201cen cualquier momento\u201d.<\/p>\n\n\n\n<p>\u201cReiteramos el compromiso al di\u00e1logo y comunicaci\u00f3n permanente, debido a la delicadeza del asunto y a m\u00faltiples factores que est\u00e1n influyendo para desestabilizar nuestra comunidad de San Vicente\u201d, a\u00f1ade el texto que firma el presidente del Comisariado, Enrique Hern\u00e1ndez Hern\u00e1ndez; el secretario Etelberto Garc\u00eda y el tesorero Feliciano Osorio Ruiz, entre otros.<\/p>\n","protected":false},"excerpt":{"rendered":"<p>Raymundo Morales\/Zona Roja. Oaxaca de Ju\u00e1rez, Oax., a 20 de mayo de 2024.- El Comisariado&hellip;<\/p>\n","protected":false},"author":2,"featured_media":68547,"comment_status":"closed","ping_status":"open","sticky":false,"template":"","format":"standard","meta":{"_lmt_disableupdate":"","_lmt_disable":"","_jetpack_memberships_contains_paid_content":false,"footnotes":""},"categories":[109,47],"tags":[979],"class_list":["post-68550","post","type-post","status-publish","format-standard","has-post-thumbnail","hentry","category-minuto-a-minuto","category-zona-gris","tag-san-vicente-coatlan"],"jetpack_featured_media_url":"https:\/\/zonaroja.com.mx\/wp-content\/uploads\/2024\/05\/Oficio-San-Vicente-Coatlan.jpg","jetpack_sharing_enabled":true,"_links":{"self":[{"href":"https:\/\/zonaroja.com.mx\/index.php?rest_route=\/wp\/v2\/posts\/68550","targetHints":{"allow":["GET"]}}],"collection":[{"href":"https:\/\/zonaroja.com.mx\/index.php?rest_route=\/wp\/v2\/posts"}],"about":[{"href":"https:\/\/zonaroja.com.mx\/index.php?rest_route=\/wp\/v2\/types\/post"}],"author":[{"embeddable":true,"href":"https:\/\/zonaroja.com.mx\/index.php?rest_route=\/wp\/v2\/users\/2"}],"replies":[{"embeddable":true,"href":"https:\/\/zonaroja.com.mx\/index.php?rest_route=%2Fwp%2Fv2%2Fcomments&post=68550"}],"version-history":[{"count":1,"href":"https:\/\/zonaroja.com.mx\/index.php?rest_route=\/wp\/v2\/posts\/68550\/revisions"}],"predecessor-version":[{"id":68551,"href":"https:\/\/zonaroja.com.mx\/index.php?rest_route=\/wp\/v2\/posts\/68550\/revisions\/68551"}],"wp:featuredmedia":[{"embeddable":true,"href":"https:\/\/zonaroja.com.mx\/index.php?rest_route=\/wp\/v2\/media\/68547"}],"wp:attachment":[{"href":"https:\/\/zonaroja.com.mx\/index.php?rest_route=%2Fwp%2Fv2%2Fmedia&parent=68550"}],"wp:term":[{"taxonomy":"category","embeddable":true,"href":"https:\/\/zonaroja.com.mx\/index.php?rest_route=%2Fwp%2Fv2%2Fcategories&post=68550"},{"taxonomy":"post_tag","embeddable":true,"href":"https:\/\/zonaroja.com.mx\/index.php?rest_route=%2Fwp%2Fv2%2Ftags&post=68550"}],"curies":[{"name":"wp","href":"https:\/\/api.w.org\/{rel}","templated":true}]}}