{"id":68552,"date":"2024-05-20T11:07:00","date_gmt":"2024-05-20T17:07:00","guid":{"rendered":"https:\/\/zonaroja.com.mx\/?p=68552"},"modified":"2024-05-20T08:09:11","modified_gmt":"2024-05-20T14:09:11","slug":"confirman-muerte-de-presidente-de-iran-tras-accidente-aereo","status":"publish","type":"post","link":"https:\/\/zonaroja.com.mx\/?p=68552","title":{"rendered":"Confirman muerte de presidente de Ir\u00e1n tras accidente a\u00e9reo"},"content":{"rendered":"\n<p>Redacci\u00f3n\/Zona Roja Cdmx.<\/p>\n\n\n\n<p>Ciudad de M\u00e9xico, a 20 de mayo de 2024.- Medios iran\u00edes anunciaron el lunes la muerte del presidente del pa\u00eds, Ebrahim Raisi, despu\u00e9s del accidente del helic\u00f3ptero que lo transportaba en una regi\u00f3n monta\u00f1osa del noroeste, aunque el deceso no ha sido confirmado por fuentes oficiales.<\/p>\n\n\n\n<p>\u00abEl presidente de la Rep\u00fablica Isl\u00e1mica de Ir\u00e1n, el ayatol\u00e1 Ebrahim Raisi, tuvo un accidente mientras serv\u00eda y cumpl\u00eda con su deber por el pueblo de Ir\u00e1n y ha sido martirizado\u00bb, dijo la agencia de noticias Mehr, en concordancia con lo informado por otros medios locales.<\/p>\n\n\n\n<p>El ministro de Exteriores, Hossein Amir Abdollahian, tambi\u00e9n falleci\u00f3 en el accidente a\u00e9reo,&nbsp;report\u00f3 la agencia.<\/p>\n\n\n\n<p>Con anterioridad,&nbsp; el jefe de la Media Luna Roja de Ir\u00e1n, Pirhosein Kolivand, dijo que \u00abno hay se\u00f1ales de que las personas que se encontraban a bordo del helic\u00f3ptero hayan sobrevivido\u00bb.<\/p>\n\n\n\n<p>Ambos funcionarios murieron cuando su helic\u00f3ptero se estrell\u00f3 mientras cruzaban terreno monta\u00f1oso en medio de una densa niebla, dijo un funcionario iran\u00ed a Reuters.<\/p>\n\n\n\n<p>El domingo por la tarde, un helic\u00f3ptero en el que viajaban el presidente de Ir\u00e1n, Ebrahim Raisi, y el ministro de Exteriores, Hossein Amir Abdollahian, sufri\u00f3 un accidente en una zona monta\u00f1osa de la regi\u00f3n de Varzaqan, en el noroeste del pa\u00eds.<\/p>\n\n\n\n<p>La alta delegaci\u00f3n iran\u00ed, que asisti\u00f3 a la inauguraci\u00f3n de una nueva presa en el r\u00edo&nbsp; Aras, en la frontera con Azerbaiy\u00e1n, viajaba en tres helic\u00f3pteros. Los otros dos, con varios ministros y funcionarios a bordo, llegaron a su destino.&nbsp;&nbsp;<\/p>\n\n\n\n<p>Ir\u00e1n emprendi\u00f3 labores de b\u00fasqueda ayer domingo en el noroeste del pa\u00eds para encontrar un helic\u00f3ptero en el que viajaba el presidente Ebrahim Raisi, que sufri\u00f3 un \u00abaccidente\u00bb, anunciaron altos cargos y medios oficiales.&nbsp;<\/p>\n\n\n\n<p>Siempre tocado con un turbante negro y luciendo un abrigo religioso, el presidente Ebrahim Raisi, un ayatol\u00e1 de 63 a\u00f1os, es considerado un ultraconservador y un firme defensor de la ley y el orden.<\/p>\n\n\n\n<p>El presidente iran\u00ed, que se present\u00f3 como defensor de las clases desfavorecidas y de la lucha contra la corrupci\u00f3n, fue elegido el 18 de junio de 2021 en primera vuelta en unos comicios marcados por una abstenci\u00f3n r\u00e9cord para unas presidenciales, y en ausencia de ning\u00fan rival de peso.<\/p>\n\n\n\n<p>Sucedi\u00f3 al moderado Hasan Rohani, que lo hab\u00eda derrotado en las presidenciales de 2017 y que, tras dos mandatos consecutivos, no pudo volver a presentarse.<\/p>\n\n\n\n<p>Raisi sali\u00f3 reforzado de las legislativas celebradas en marzo, que fueron las primeras elecciones a nivel nacional desde el estallido del movimiento de protesta que sacudi\u00f3 Ir\u00e1n a finales de 2022 a ra\u00edz del deceso de Mahsa Amini, que muri\u00f3 tras haber sido detenida por no respetar el c\u00f3digo de indumentaria que rige la Rep\u00fablica Isl\u00e1mica.<\/p>\n\n\n\n<p>Casado con Jamileh Alamolhoda, profesora de Ciencias de la Educaci\u00f3n en la Universidad Shahid-Beheshti de Teher\u00e1n, con quien tuvo dos hijas, ambas con t\u00edtulos de educaci\u00f3n superior, Raisi es yerno de Ahmad Alamolhoda, im\u00e1n de la oraci\u00f3n y representante provincial del gu\u00eda supremo en Mashad, segunda ciudad del pa\u00eds.<\/p>\n\n\n\n<p>(Informaci\u00f3n de la agencia AFP)<\/p>\n","protected":false},"excerpt":{"rendered":"<p>Redacci\u00f3n\/Zona Roja Cdmx. Ciudad de M\u00e9xico, a 20 de mayo de 2024.- Medios iran\u00edes anunciaron&hellip;<\/p>\n","protected":false},"author":2,"featured_media":68553,"comment_status":"closed","ping_status":"open","sticky":false,"template":"","format":"standard","meta":{"_lmt_disableupdate":"","_lmt_disable":"","_jetpack_memberships_contains_paid_content":false,"footnotes":""},"categories":[109,47],"tags":[],"class_list":["post-68552","post","type-post","status-publish","format-standard","has-post-thumbnail","hentry","category-minuto-a-minuto","category-zona-gris"],"jetpack_featured_media_url":"https:\/\/zonaroja.com.mx\/wp-content\/uploads\/2024\/05\/Presidente-de-Iran.jpeg","jetpack_sharing_enabled":true,"_links":{"self":[{"href":"https:\/\/zonaroja.com.mx\/index.php?rest_route=\/wp\/v2\/posts\/68552","targetHints":{"allow":["GET"]}}],"collection":[{"href":"https:\/\/zonaroja.com.mx\/index.php?rest_route=\/wp\/v2\/posts"}],"about":[{"href":"https:\/\/zonaroja.com.mx\/index.php?rest_route=\/wp\/v2\/types\/post"}],"author":[{"embeddable":true,"href":"https:\/\/zonaroja.com.mx\/index.php?rest_route=\/wp\/v2\/users\/2"}],"replies":[{"embeddable":true,"href":"https:\/\/zonaroja.com.mx\/index.php?rest_route=%2Fwp%2Fv2%2Fcomments&post=68552"}],"version-history":[{"count":1,"href":"https:\/\/zonaroja.com.mx\/index.php?rest_route=\/wp\/v2\/posts\/68552\/revisions"}],"predecessor-version":[{"id":68554,"href":"https:\/\/zonaroja.com.mx\/index.php?rest_route=\/wp\/v2\/posts\/68552\/revisions\/68554"}],"wp:featuredmedia":[{"embeddable":true,"href":"https:\/\/zonaroja.com.mx\/index.php?rest_route=\/wp\/v2\/media\/68553"}],"wp:attachment":[{"href":"https:\/\/zonaroja.com.mx\/index.php?rest_route=%2Fwp%2Fv2%2Fmedia&parent=68552"}],"wp:term":[{"taxonomy":"category","embeddable":true,"href":"https:\/\/zonaroja.com.mx\/index.php?rest_route=%2Fwp%2Fv2%2Fcategories&post=68552"},{"taxonomy":"post_tag","embeddable":true,"href":"https:\/\/zonaroja.com.mx\/index.php?rest_route=%2Fwp%2Fv2%2Ftags&post=68552"}],"curies":[{"name":"wp","href":"https:\/\/api.w.org\/{rel}","templated":true}]}}