{"id":68555,"date":"2024-05-20T09:09:00","date_gmt":"2024-05-20T15:09:00","guid":{"rendered":"https:\/\/zonaroja.com.mx\/?p=68555"},"modified":"2024-05-20T08:17:47","modified_gmt":"2024-05-20T14:17:47","slug":"revocan-registro-de-candidaturas-a-diputaciones-de-matias-romero-y-a-concejalia-de-rio-hondo","status":"publish","type":"post","link":"https:\/\/zonaroja.com.mx\/?p=68555","title":{"rendered":"Revocan registro de candidaturas a diputaciones de Mat\u00edas Romero y a concejal\u00eda de R\u00edo Hondo"},"content":{"rendered":"\n<p>Redacci\u00f3n\/Zona Roja.<\/p>\n\n\n\n<p>Oaxaca de Ju\u00e1rez, Oax., a 20 de mayo de 2024.- En sesi\u00f3n p\u00fablica realizada anoche por videoconferencia, el Pleno del Tribunal Electoral del Estado de Oaxaca (TEEO) revoc\u00f3 el registro de candidaturas a diputaciones al Distrito 11, con cabecera en Mat\u00edas Romero Avenda\u00f1o; y de un aspirante a primer concejal del ayuntamiento de San Mateo R\u00edo Hondo.<\/p>\n\n\n\n<p>En el primero de estos asuntos, la sentencia aprobada por unanimidad se\u00f1ala que la coalici\u00f3n conformada por los partidos pol\u00edticos Verde Ecologista de M\u00e9xico (PVEM), Movimiento de Regeneraci\u00f3n Nacional (Morena) y Fuerza por M\u00e9xico Oaxaca, no demostr\u00f3 la discapacidad permanente de sus candidatos: Oliver L\u00f3pez Garc\u00eda e Imelda Venegas de Gyves.<\/p>\n\n\n\n<p>Mediante el juicio ciudadano con clave JDC\/190\/2024, este \u00d3rgano Jurisdiccional advirti\u00f3 que los documentos presentados no resultan id\u00f3neos para cumplir los par\u00e1metros establecidos en los lineamientos que regulan la acci\u00f3n afirmativa, al no establecerse que la y el candidato son personas con discapacidad, como lo estipula el art\u00edculo 8, de los ya citados lineamientos.<\/p>\n\n\n\n<p>Aunado a ello, expuso, en los certificados m\u00e9dicos, no se advirti\u00f3 el tipo de discapacidad, tampoco el grado de esta o bien, las caracter\u00edsticas, o alg\u00fan otro dato que conlleve a establecer que, m\u00e1s all\u00e1 de la enfermedad acreditada, se trata de personas con discapacidad.&nbsp;<\/p>\n\n\n\n<p>En consecuencia, el TEEO orden\u00f3 al Consejo General del Instituto Estatal Electoral y de Participaci\u00f3n Ciudadana de Oaxaca (IEEPCO) que, dentro del plazo de seis horas, requiera a la citada Coalici\u00f3n para que, en el plazo no mayor a 24 horas, proceda a sustituir las candidaturas revocadas.<\/p>\n\n\n\n<p>Por otro lado, en la resoluci\u00f3n de los recursos de apelaci\u00f3n con clave: RA\/26\/2024 y RA\/53\/2024 ACUMULADOS, revoc\u00f3 la candidatura de \u00d3scar Valencia Garc\u00eda, como propietario de la primera concejal\u00eda del Ayuntamiento de San Mateo R\u00edo Hondo, postulado en com\u00fan del PVEM y Fuerza por M\u00e9xico Oaxaca.<\/p>\n\n\n\n<p>Se\u00f1ala que la documentaci\u00f3n presentada para el registro de esta candidatura carece de certeza para acreditar el cumplimiento del requisito de residencia m\u00ednima de un a\u00f1o en el municipio, resultando en la inelegibilidad de Valencia Garc\u00eda.<\/p>\n\n\n\n<p>El Pleno del TEEO estableci\u00f3 que las inconsistencias en los datos presentados, demuestran una indebida valoraci\u00f3n de los requisitos de elegibilidad por parte del IEEPCO.<\/p>\n","protected":false},"excerpt":{"rendered":"<p>Redacci\u00f3n\/Zona Roja. Oaxaca de Ju\u00e1rez, Oax., a 20 de mayo de 2024.- En sesi\u00f3n p\u00fablica&hellip;<\/p>\n","protected":false},"author":2,"featured_media":68225,"comment_status":"closed","ping_status":"open","sticky":false,"template":"","format":"standard","meta":{"_lmt_disableupdate":"","_lmt_disable":"","_jetpack_memberships_contains_paid_content":false,"footnotes":""},"categories":[109,46],"tags":[2235],"class_list":["post-68555","post","type-post","status-publish","format-standard","has-post-thumbnail","hentry","category-minuto-a-minuto","category-zona-blanca","tag-tribunal-electoral-del-estado-de-oaxaca-teeo"],"jetpack_featured_media_url":"https:\/\/zonaroja.com.mx\/wp-content\/uploads\/2024\/05\/Tribunal-Electoral-TEEO.jpeg","jetpack_sharing_enabled":true,"_links":{"self":[{"href":"https:\/\/zonaroja.com.mx\/index.php?rest_route=\/wp\/v2\/posts\/68555","targetHints":{"allow":["GET"]}}],"collection":[{"href":"https:\/\/zonaroja.com.mx\/index.php?rest_route=\/wp\/v2\/posts"}],"about":[{"href":"https:\/\/zonaroja.com.mx\/index.php?rest_route=\/wp\/v2\/types\/post"}],"author":[{"embeddable":true,"href":"https:\/\/zonaroja.com.mx\/index.php?rest_route=\/wp\/v2\/users\/2"}],"replies":[{"embeddable":true,"href":"https:\/\/zonaroja.com.mx\/index.php?rest_route=%2Fwp%2Fv2%2Fcomments&post=68555"}],"version-history":[{"count":1,"href":"https:\/\/zonaroja.com.mx\/index.php?rest_route=\/wp\/v2\/posts\/68555\/revisions"}],"predecessor-version":[{"id":68556,"href":"https:\/\/zonaroja.com.mx\/index.php?rest_route=\/wp\/v2\/posts\/68555\/revisions\/68556"}],"wp:featuredmedia":[{"embeddable":true,"href":"https:\/\/zonaroja.com.mx\/index.php?rest_route=\/wp\/v2\/media\/68225"}],"wp:attachment":[{"href":"https:\/\/zonaroja.com.mx\/index.php?rest_route=%2Fwp%2Fv2%2Fmedia&parent=68555"}],"wp:term":[{"taxonomy":"category","embeddable":true,"href":"https:\/\/zonaroja.com.mx\/index.php?rest_route=%2Fwp%2Fv2%2Fcategories&post=68555"},{"taxonomy":"post_tag","embeddable":true,"href":"https:\/\/zonaroja.com.mx\/index.php?rest_route=%2Fwp%2Fv2%2Ftags&post=68555"}],"curies":[{"name":"wp","href":"https:\/\/api.w.org\/{rel}","templated":true}]}}