{"id":68560,"date":"2024-05-20T16:53:22","date_gmt":"2024-05-20T22:53:22","guid":{"rendered":"https:\/\/zonaroja.com.mx\/?p=68560"},"modified":"2024-05-20T16:53:24","modified_gmt":"2024-05-20T22:53:24","slug":"sentencian-en-total-a-62-anos-de-prision-a-dos-homicidas-de-la-ciudad-de-oaxaca","status":"publish","type":"post","link":"https:\/\/zonaroja.com.mx\/?p=68560","title":{"rendered":"Sentencian en total a 62 a\u00f1os de prisi\u00f3n a dos homicidas de la ciudad de Oaxaca"},"content":{"rendered":"\n<p>Redacci\u00f3n\/Zona Roja.<\/p>\n\n\n\n<p>Oaxaca de Ju\u00e1rez, Oax., 20 de mayo de 2024.- Derivado del trabajo ministerial que realiza la Fiscal\u00eda General del Estado de Oaxaca (FGEO) se obtuvo sentencia condenatoria contra Felipe de Jes\u00fas B. I., y Rub\u00e9n Osvaldo S. P., las cuales suman 62 a\u00f1os de prisi\u00f3n por responsabilidad en la comisi\u00f3n del delito de Homicidio Calificado con Ventaja en agravio de T. R. G., hechos ocurridos en la regi\u00f3n de los Valles Centrales.<\/p>\n\n\n\n<p>De acuerdo con lo asentado en el expediente penal, los hechos ocurrieron el 24 de mayo de 2019, cuando la v\u00edctima caminaba sobre la avenida Ferrocarril, en la agencia de Santa Rosa Panzacola, perteneciente al municipio de Oaxaca de Ju\u00e1rez, sitio en el que fue interceptado por Felipe de Jes\u00fas B. I., y Rub\u00e9n Osvaldo S. P., quienes rodearon a la v\u00edctima amenaz\u00e1ndolo con un arma (cuchillo) para que entregara sus pertenencias.<\/p>\n\n\n\n<p>Tras oponerse, los responsables lo agredieron, infligiendo lesiones que terminaron con la vida de la v\u00edctima.&nbsp;<\/p>\n\n\n\n<p>Ante estos hechos, la FGEO inici\u00f3 las labores ministeriales a trav\u00e9s de la Fiscal\u00eda Especializada para la Atenci\u00f3n a Delitos de Alto Impacto, que estableci\u00f3 s\u00f3lidas l\u00edneas que permitieron la detenci\u00f3n de los imputados.<\/p>\n\n\n\n<p>Luego de que la Fiscal\u00eda General de Oaxaca aportara los datos de prueba sobre el caso, el Juez que atiende la causa dict\u00f3 sentencia condenatoria de 32 a\u00f1os de prisi\u00f3n contra Felipe de Jes\u00fas B. I., mientras que a Rub\u00e9n Osvaldo S. P. le impusieron una pena de 30 a\u00f1os de c\u00e1rcel, por su responsabilidad en la comisi\u00f3n del delito de homicidio Calificado con Ventaja.<\/p>\n\n\n\n<p>Para la Fiscal\u00eda General de Oaxaca, el empleo de protocolos y la aplicaci\u00f3n de t\u00e9cnicas cient\u00edficas en las investigaciones de cr\u00edmenes, permiten a esta instancia tener certeza en los trabajos de procuraci\u00f3n de justicia en el estado.<\/p>\n","protected":false},"excerpt":{"rendered":"<p>Redacci\u00f3n\/Zona Roja. Oaxaca de Ju\u00e1rez, Oax., 20 de mayo de 2024.- Derivado del trabajo ministerial&hellip;<\/p>\n","protected":false},"author":2,"featured_media":68561,"comment_status":"closed","ping_status":"open","sticky":false,"template":"","format":"standard","meta":{"_lmt_disableupdate":"","_lmt_disable":"","_jetpack_memberships_contains_paid_content":false,"footnotes":""},"categories":[109,46],"tags":[494],"class_list":["post-68560","post","type-post","status-publish","format-standard","has-post-thumbnail","hentry","category-minuto-a-minuto","category-zona-blanca","tag-fiscalia-general-del-estado-de-oaxaca"],"jetpack_featured_media_url":"https:\/\/zonaroja.com.mx\/wp-content\/uploads\/2024\/05\/Encarcelados-carcel-prision.jpeg","jetpack_sharing_enabled":true,"_links":{"self":[{"href":"https:\/\/zonaroja.com.mx\/index.php?rest_route=\/wp\/v2\/posts\/68560","targetHints":{"allow":["GET"]}}],"collection":[{"href":"https:\/\/zonaroja.com.mx\/index.php?rest_route=\/wp\/v2\/posts"}],"about":[{"href":"https:\/\/zonaroja.com.mx\/index.php?rest_route=\/wp\/v2\/types\/post"}],"author":[{"embeddable":true,"href":"https:\/\/zonaroja.com.mx\/index.php?rest_route=\/wp\/v2\/users\/2"}],"replies":[{"embeddable":true,"href":"https:\/\/zonaroja.com.mx\/index.php?rest_route=%2Fwp%2Fv2%2Fcomments&post=68560"}],"version-history":[{"count":1,"href":"https:\/\/zonaroja.com.mx\/index.php?rest_route=\/wp\/v2\/posts\/68560\/revisions"}],"predecessor-version":[{"id":68562,"href":"https:\/\/zonaroja.com.mx\/index.php?rest_route=\/wp\/v2\/posts\/68560\/revisions\/68562"}],"wp:featuredmedia":[{"embeddable":true,"href":"https:\/\/zonaroja.com.mx\/index.php?rest_route=\/wp\/v2\/media\/68561"}],"wp:attachment":[{"href":"https:\/\/zonaroja.com.mx\/index.php?rest_route=%2Fwp%2Fv2%2Fmedia&parent=68560"}],"wp:term":[{"taxonomy":"category","embeddable":true,"href":"https:\/\/zonaroja.com.mx\/index.php?rest_route=%2Fwp%2Fv2%2Fcategories&post=68560"},{"taxonomy":"post_tag","embeddable":true,"href":"https:\/\/zonaroja.com.mx\/index.php?rest_route=%2Fwp%2Fv2%2Ftags&post=68560"}],"curies":[{"name":"wp","href":"https:\/\/api.w.org\/{rel}","templated":true}]}}