{"id":68563,"date":"2024-05-20T16:59:07","date_gmt":"2024-05-20T22:59:07","guid":{"rendered":"https:\/\/zonaroja.com.mx\/?p=68563"},"modified":"2024-05-20T16:59:09","modified_gmt":"2024-05-20T22:59:09","slug":"eran-religiosas-las-11-personas-asesinadas-en-chiapas","status":"publish","type":"post","link":"https:\/\/zonaroja.com.mx\/?p=68563","title":{"rendered":"Eran religiosas, las 11 personas asesinadas en Chiapas"},"content":{"rendered":"\n<p>Redacci\u00f3n\/Zona Roja Cdmx.<\/p>\n\n\n\n<p>Ciudad de M\u00e9xico, a 20 de mayo de 2024.- El pasado 12 de mayo una masacre conmocion\u00f3 a la comunidad de Nueva Morelia, en Chicomuselo, Chiapas. La embestida fue terrible:&nbsp;presuntos miembros de un grupo criminal ingresaron a la comunidad a las 17:30 horas y agredieron a los ahora fallecidos en un domicilio particular.<\/p>\n\n\n\n<p>Las v\u00edctimas, seg\u00fan la Di\u00f3cesis de San Crist\u00f3bal de las Casas, \u201cresist\u00edan ante la violencia&nbsp;de los grupos criminales que se disputan la zona\u201d.&nbsp;<\/p>\n\n\n\n<p>Versiones extraoficiales apuntan que las personas se habr\u00edan negado a apoyar al C\u00e1rtel Jalisco Nueva Generaci\u00f3n (CJNG), raz\u00f3n por la que fueron atacadas.<\/p>\n\n\n\n<p>A cinco d\u00edas del ataque, el pasado 17 de mayo, la Di\u00f3cesis de San Crist\u00f3bal confirm\u00f3 que entre las 11 v\u00edctimas, cinco mujeres y seis hombres, se encontraban dos catequistas y cinco miembros m\u00e1s de su familia.<\/p>\n\n\n\n<p>\u201cEstas mujeres y hombres se resist\u00edan a dejar sus hogares a pesar de la violencia, amenazas y hostigamiento de los grupos criminales a sumarse a sus filas, su resistencia a ser libres y a favor de la vida, la paz y la justicia\u201d, explic\u00f3 la Iglesia, que tras lo sucedido ha realizado varias misas y oraciones en honor de las v\u00edctimas.<\/p>\n\n\n\n<p>Al respecto, tambi\u00e9n se pronunci\u00f3 el presidente Andr\u00e9s Manuel L\u00f3pez Obrador, durante la conferencia de prensa matutina del 17 de mayo: se limit\u00f3 a decir que todo est\u00e1 bajo investigaci\u00f3n.&nbsp;<\/p>\n\n\n\n<p>(Informaci\u00f3n de Naci\u00f3n 321)<\/p>\n","protected":false},"excerpt":{"rendered":"<p>Redacci\u00f3n\/Zona Roja Cdmx. Ciudad de M\u00e9xico, a 20 de mayo de 2024.- El pasado 12&hellip;<\/p>\n","protected":false},"author":2,"featured_media":67727,"comment_status":"closed","ping_status":"open","sticky":false,"template":"","format":"standard","meta":{"_lmt_disableupdate":"","_lmt_disable":"","_jetpack_memberships_contains_paid_content":false,"footnotes":""},"categories":[109,51],"tags":[3927],"class_list":["post-68563","post","type-post","status-publish","format-standard","has-post-thumbnail","hentry","category-minuto-a-minuto","category-zona-roja","tag-violencia-en-chiapas"],"jetpack_featured_media_url":"https:\/\/zonaroja.com.mx\/wp-content\/uploads\/2024\/04\/Escena-del-crimen-2-asesinato.jpeg","jetpack_sharing_enabled":true,"_links":{"self":[{"href":"https:\/\/zonaroja.com.mx\/index.php?rest_route=\/wp\/v2\/posts\/68563","targetHints":{"allow":["GET"]}}],"collection":[{"href":"https:\/\/zonaroja.com.mx\/index.php?rest_route=\/wp\/v2\/posts"}],"about":[{"href":"https:\/\/zonaroja.com.mx\/index.php?rest_route=\/wp\/v2\/types\/post"}],"author":[{"embeddable":true,"href":"https:\/\/zonaroja.com.mx\/index.php?rest_route=\/wp\/v2\/users\/2"}],"replies":[{"embeddable":true,"href":"https:\/\/zonaroja.com.mx\/index.php?rest_route=%2Fwp%2Fv2%2Fcomments&post=68563"}],"version-history":[{"count":1,"href":"https:\/\/zonaroja.com.mx\/index.php?rest_route=\/wp\/v2\/posts\/68563\/revisions"}],"predecessor-version":[{"id":68564,"href":"https:\/\/zonaroja.com.mx\/index.php?rest_route=\/wp\/v2\/posts\/68563\/revisions\/68564"}],"wp:featuredmedia":[{"embeddable":true,"href":"https:\/\/zonaroja.com.mx\/index.php?rest_route=\/wp\/v2\/media\/67727"}],"wp:attachment":[{"href":"https:\/\/zonaroja.com.mx\/index.php?rest_route=%2Fwp%2Fv2%2Fmedia&parent=68563"}],"wp:term":[{"taxonomy":"category","embeddable":true,"href":"https:\/\/zonaroja.com.mx\/index.php?rest_route=%2Fwp%2Fv2%2Fcategories&post=68563"},{"taxonomy":"post_tag","embeddable":true,"href":"https:\/\/zonaroja.com.mx\/index.php?rest_route=%2Fwp%2Fv2%2Ftags&post=68563"}],"curies":[{"name":"wp","href":"https:\/\/api.w.org\/{rel}","templated":true}]}}