{"id":6857,"date":"2019-12-21T20:38:11","date_gmt":"2019-12-22T02:38:11","guid":{"rendered":"http:\/\/www.zonaroja.com.mx\/?p=6857"},"modified":"2019-12-21T20:38:13","modified_gmt":"2019-12-22T02:38:13","slug":"matan-a-balazos-a-4-entre-ellos-a-ex-edil-descartan-asesinato-de-mujer-en-coatlan","status":"publish","type":"post","link":"https:\/\/zonaroja.com.mx\/?p=6857","title":{"rendered":"Matan a balazos a 4, entre ellos a ex edil; descartan asesinato de mujer en Coatl\u00e1n"},"content":{"rendered":"\n<p>Ismael Garc\u00eda\nM.\/Zona Roja.<\/p>\n\n\n\n<p>Al menos\ncuatro personas fueron asesinadas a balazos este s\u00e1bado, entre ellas un ex\npresidente municipal. En tanto, la Fiscal\u00eda General del Estado de Oaxaca\ndescart\u00f3 a trav\u00e9s de redes sociales el homicidio de una mujer en San Sebasti\u00e1n\nCoatl\u00e1n.<\/p>\n\n\n\n<p>Alrededor\nde las 18:00 horas de este s\u00e1bado, en San Pedro Ixcatl\u00e1n, municipio de la\nregi\u00f3n de la Cuenca, fue ultimado el ex edil y actual regidor de Seguridad,\nFidel Fern\u00e1ndez Figueroa.<\/p>\n\n\n\n<p>El\nindividuo fue atacado a balazos en la tienda de abarrotes \u201cEl Huevito\u201d, por\nparte de un comando, que de inmediato se dio a la fuga; fue presidente\nmunicipal en el a\u00f1o 2012 y recientemente busc\u00f3 nuevamente la presidencia, bajo\nlas siglas del PVEM y PRI.<\/p>\n\n\n\n<p>Mientras\ntanto, tambi\u00e9n en la Cuenca pero en San Felipe Jalapa de D\u00edaz nuevamente\nocurri\u00f3 un hecho de sangre, al ser atacado un individuo con disparos de armas\nde fuego.<\/p>\n\n\n\n<p>Cerca de\nlas 17:00 horas ocurri\u00f3 el hecho y tras ello, la v\u00edctima fue trasladada a un\nhospital de San Juan Bautista Tuxtepec, pero a medio camino perdi\u00f3 la vida a\ncausa de la gravedad de las heridas; a\u00fan no se tienen datos de su identidad.<\/p>\n\n\n\n<p>Por su\nparte, en San Miguel Huautepec, regi\u00f3n Ca\u00f1ada, fueron ultimadas a balazos dos\npersonas, en el paraje \u201cAgua de S\u00f3tano\u201d. <\/p>\n\n\n\n<p>Los hoy\noccisos fueron identificados como los hermanos Isidro y Br\u00edgido Garc\u00eda Te\u00f3filo;\na\u00fan no se tienen pistas del o los agresores en estos cuatro casos.<\/p>\n\n\n\n<p>DESCARTAN\nCRIMEN<\/p>\n\n\n\n<p>Por otra\nparte, a trav\u00e9s de las redes sociales la Fiscal\u00eda General del Estado inform\u00f3\nque una vez realizadas las indagatorias y recabar datos de la autoridad\nmunicipal, se descarta que se haya perpetrado el asesinato de una mujer, como\nse inform\u00f3 en el transcurso de la ma\u00f1ana.<\/p>\n","protected":false},"excerpt":{"rendered":"<p>Ismael Garc\u00eda M.\/Zona Roja. Al menos cuatro personas fueron asesinadas a balazos este s\u00e1bado, entre&hellip;<\/p>\n","protected":false},"author":2,"featured_media":6673,"comment_status":"closed","ping_status":"open","sticky":false,"template":"","format":"standard","meta":{"_lmt_disableupdate":"","_lmt_disable":"","_jetpack_memberships_contains_paid_content":false,"footnotes":""},"categories":[109,51],"tags":[1043],"class_list":["post-6857","post","type-post","status-publish","format-standard","has-post-thumbnail","hentry","category-minuto-a-minuto","category-zona-roja","tag-san-pedro-ixcatlan"],"jetpack_featured_media_url":"https:\/\/zonaroja.com.mx\/wp-content\/uploads\/2019\/12\/img_8309.jpg","jetpack_sharing_enabled":true,"_links":{"self":[{"href":"https:\/\/zonaroja.com.mx\/index.php?rest_route=\/wp\/v2\/posts\/6857","targetHints":{"allow":["GET"]}}],"collection":[{"href":"https:\/\/zonaroja.com.mx\/index.php?rest_route=\/wp\/v2\/posts"}],"about":[{"href":"https:\/\/zonaroja.com.mx\/index.php?rest_route=\/wp\/v2\/types\/post"}],"author":[{"embeddable":true,"href":"https:\/\/zonaroja.com.mx\/index.php?rest_route=\/wp\/v2\/users\/2"}],"replies":[{"embeddable":true,"href":"https:\/\/zonaroja.com.mx\/index.php?rest_route=%2Fwp%2Fv2%2Fcomments&post=6857"}],"version-history":[{"count":1,"href":"https:\/\/zonaroja.com.mx\/index.php?rest_route=\/wp\/v2\/posts\/6857\/revisions"}],"predecessor-version":[{"id":6858,"href":"https:\/\/zonaroja.com.mx\/index.php?rest_route=\/wp\/v2\/posts\/6857\/revisions\/6858"}],"wp:featuredmedia":[{"embeddable":true,"href":"https:\/\/zonaroja.com.mx\/index.php?rest_route=\/wp\/v2\/media\/6673"}],"wp:attachment":[{"href":"https:\/\/zonaroja.com.mx\/index.php?rest_route=%2Fwp%2Fv2%2Fmedia&parent=6857"}],"wp:term":[{"taxonomy":"category","embeddable":true,"href":"https:\/\/zonaroja.com.mx\/index.php?rest_route=%2Fwp%2Fv2%2Fcategories&post=6857"},{"taxonomy":"post_tag","embeddable":true,"href":"https:\/\/zonaroja.com.mx\/index.php?rest_route=%2Fwp%2Fv2%2Ftags&post=6857"}],"curies":[{"name":"wp","href":"https:\/\/api.w.org\/{rel}","templated":true}]}}