{"id":68574,"date":"2024-05-21T07:13:50","date_gmt":"2024-05-21T13:13:50","guid":{"rendered":"https:\/\/zonaroja.com.mx\/?p=68574"},"modified":"2024-05-21T07:13:52","modified_gmt":"2024-05-21T13:13:52","slug":"reitera-jara-cruz-que-hay-voluntad-y-dialogo-para-atender-demandas-del-magisterio","status":"publish","type":"post","link":"https:\/\/zonaroja.com.mx\/?p=68574","title":{"rendered":"Reitera Jara Cruz que hay voluntad y di\u00e1logo para atender demandas del magisterio"},"content":{"rendered":"\n<p>Raymundo Morales\/Zona Roja.<\/p>\n\n\n\n<p>Oaxaca de Ju\u00e1rez, Oax., a 21 de mayo de 2024.- \u201cDe nuestra parte ha habido di\u00e1logo y siempre va a haber di\u00e1logo, nunca represi\u00f3n, nunca lastimar a nadie\u201d.<\/p>\n\n\n\n<p>As\u00ed se pronunci\u00f3 el gobernador de Oaxaca, Salom\u00f3n Jara Cruz, ante las movilizaciones de la Secci\u00f3n 22 del Sindicato Nacional de Trabajadores de la Educaci\u00f3n, desde el pasado 15 de mayo.<\/p>\n\n\n\n<p>En tanto, en su s\u00e9ptimo d\u00eda de actividades, el magisterio prev\u00e9 bloquear este martes los accesos a la ciudad de Oaxaca, as\u00ed como algunas oficinas gubernamentales, adem\u00e1s de continuar el paro de labores educativas y el \u201cplant\u00f3n\u201d en el Centro Hist\u00f3rico de la capital.<\/p>\n\n\n\n<p>Ayer durante su conferencia de prensa semanal, efectuada en el Centro de Convenciones ubicado en Santa Luc\u00eda del Camino, el mandatario estatal asever\u00f3 que hay toda la voluntad pol\u00edtica para llevar a cabo los acuerdos necesarios.<\/p>\n\n\n\n<p>\u201cLo hemos hecho as\u00ed, mucho di\u00e1logo, muchas reuniones con la dirigencia estatal, ahora ya no se hacen en lo oscurito, ya no se hacen con dos tres personas, ahora con toda la Comisi\u00f3n Pol\u00edtica.<\/p>\n\n\n\n<p>\u201cSaludamos siempre la voluntad de la Comisi\u00f3n Pol\u00edtica del magisterio, porque hemos observado de su parte toda la disposici\u00f3n y reconocemos la madurez pol\u00edtica que se ha tenido\u201d, dijo.<\/p>\n\n\n\n<p>Agreg\u00f3 que el propio Presidente de la Rep\u00fablica, Andr\u00e9s Manuel L\u00f3pez Obrador, ha atendido este a\u00f1o en cuando menos cinco ocasiones al magisterio de Oaxaca y el aglutinado en la Coordinadora Nacional de Trabajadores de la Educaci\u00f3n.<\/p>\n\n\n\n<p>\u201cCuando un Presidente de la Rep\u00fablica se reun\u00eda con ellos, los atend\u00eda, y no se hizo en lo oscurito, porque los maestros siempre \u2018coberturaron\u2019 esas reuniones, se movilizaron, estuvieron presentes; el di\u00e1logo ha sido maduro, sincero, ha habido voluntad pol\u00edtica del Presidente\u201d, remarc\u00f3 Jara Cruz.<\/p>\n\n\n\n<p>El gobernador indic\u00f3 que hay avances en la atenci\u00f3n al pliego petitorio, recibido el pasado 15 de mayo, y a nivel federal quedar\u00e1n algunos pendientes, como la abrogaci\u00f3n de la reforma educativa, pues el periodo ordinario de sesiones de la C\u00e1mara de Diputados ya culmin\u00f3.<\/p>\n\n\n\n<p>\u201cHa habido voluntad, no hay represi\u00f3n, no hay encarcelamiento, no hay asesinato a maestros; al contrario, recordar\u00e1n c\u00f3mo el gobierno de Ulises Ruiz reprimi\u00f3 a los maestros, los desaloj\u00f3 el 14 de junio y los maestros resistieron; bueno tambi\u00e9n nosotros estuvimos ah\u00ed en solidaridad, como luchador social estuvimos apoyando la lucha de los maestros\u201d, destac\u00f3 el gobernador.<\/p>\n\n\n\n<figure class=\"wp-block-embed is-type-rich is-provider-twitter wp-block-embed-twitter\"><div class=\"wp-block-embed__wrapper\">\n<div class=\"twitter-tweet\"><blockquote class=\"twitter-tweet\" data-lang=\"es\"><p lang=\"es\" dir=\"ltr\">Sobre la conflictividad magisterial, el gobernador <a href=\"https:\/\/twitter.com\/salomonj?ref_src=twsrc%5Etfw\">@salomonj<\/a> asegur\u00f3 esta ma\u00f1ana que hay y se mantendr\u00e1 el di\u00e1logo con la Secci\u00f3n 22 del SNTE y que no habr\u00e1 represi\u00f3n jam\u00e1s al movimiento de los trabajadores de la educaci\u00f3n. <a href=\"https:\/\/t.co\/Cy9HP2VKDj\">pic.twitter.com\/Cy9HP2VKDj<\/a><\/p>&mdash; Zona Roja Oaxaca (@ZonaRoja_Oaxaca) <a href=\"https:\/\/twitter.com\/ZonaRoja_Oaxaca\/status\/1792576843754652118?ref_src=twsrc%5Etfw\">20 de mayo de 2024<\/a><\/blockquote><\/div>\n<\/div><\/figure>\n","protected":false},"excerpt":{"rendered":"<p>Raymundo Morales\/Zona Roja. Oaxaca de Ju\u00e1rez, Oax., a 21 de mayo de 2024.- \u201cDe nuestra&hellip;<\/p>\n","protected":false},"author":2,"featured_media":68575,"comment_status":"closed","ping_status":"open","sticky":false,"template":"","format":"standard","meta":{"_lmt_disableupdate":"","_lmt_disable":"","_jetpack_memberships_contains_paid_content":false,"footnotes":""},"categories":[109,46],"tags":[2441],"class_list":["post-68574","post","type-post","status-publish","format-standard","has-post-thumbnail","hentry","category-minuto-a-minuto","category-zona-blanca","tag-salmon-jara-cruz"],"jetpack_featured_media_url":"https:\/\/zonaroja.com.mx\/wp-content\/uploads\/2024\/05\/GOBERNADOR-CONFERENCIA-2.jpg","jetpack_sharing_enabled":true,"_links":{"self":[{"href":"https:\/\/zonaroja.com.mx\/index.php?rest_route=\/wp\/v2\/posts\/68574","targetHints":{"allow":["GET"]}}],"collection":[{"href":"https:\/\/zonaroja.com.mx\/index.php?rest_route=\/wp\/v2\/posts"}],"about":[{"href":"https:\/\/zonaroja.com.mx\/index.php?rest_route=\/wp\/v2\/types\/post"}],"author":[{"embeddable":true,"href":"https:\/\/zonaroja.com.mx\/index.php?rest_route=\/wp\/v2\/users\/2"}],"replies":[{"embeddable":true,"href":"https:\/\/zonaroja.com.mx\/index.php?rest_route=%2Fwp%2Fv2%2Fcomments&post=68574"}],"version-history":[{"count":1,"href":"https:\/\/zonaroja.com.mx\/index.php?rest_route=\/wp\/v2\/posts\/68574\/revisions"}],"predecessor-version":[{"id":68576,"href":"https:\/\/zonaroja.com.mx\/index.php?rest_route=\/wp\/v2\/posts\/68574\/revisions\/68576"}],"wp:featuredmedia":[{"embeddable":true,"href":"https:\/\/zonaroja.com.mx\/index.php?rest_route=\/wp\/v2\/media\/68575"}],"wp:attachment":[{"href":"https:\/\/zonaroja.com.mx\/index.php?rest_route=%2Fwp%2Fv2%2Fmedia&parent=68574"}],"wp:term":[{"taxonomy":"category","embeddable":true,"href":"https:\/\/zonaroja.com.mx\/index.php?rest_route=%2Fwp%2Fv2%2Fcategories&post=68574"},{"taxonomy":"post_tag","embeddable":true,"href":"https:\/\/zonaroja.com.mx\/index.php?rest_route=%2Fwp%2Fv2%2Ftags&post=68574"}],"curies":[{"name":"wp","href":"https:\/\/api.w.org\/{rel}","templated":true}]}}