{"id":68582,"date":"2024-05-21T08:00:21","date_gmt":"2024-05-21T14:00:21","guid":{"rendered":"https:\/\/zonaroja.com.mx\/?p=68582"},"modified":"2024-05-21T08:00:23","modified_gmt":"2024-05-21T14:00:23","slug":"suma-oaxaca-tres-dias-de-accidentes-mortales-van-6-muertos","status":"publish","type":"post","link":"https:\/\/zonaroja.com.mx\/?p=68582","title":{"rendered":"Suma Oaxaca tres d\u00edas de accidentes mortales; van 6 muertos"},"content":{"rendered":"\n<p>Raymundo Morales\/Zona Roja.<\/p>\n\n\n\n<p>Oaxaca de Ju\u00e1rez, Oax., a 21 de mayo de 2024.- Desde el fin de semana y hasta anoche, en Oaxaca se han registrado m\u00faltiples accidentes viales mortales, con saldo preliminar de seis personas fallecidas y al menos seis lesionadas.<\/p>\n\n\n\n<p>El m\u00e1s reciente caso ocurri\u00f3 anoche en la carretera federal 190 Oaxaca-M\u00e9xico, en jurisdicci\u00f3n de Santa Rosa Panzacola de la capital, donde fue arrollada y muerta una persona de nombre \u00c1ngel \u201cN\u201d, por un veh\u00edculo a alta velocidad que huy\u00f3 de la zona.<\/p>\n\n\n\n<p>Poco despu\u00e9s del mediod\u00eda de ayer, en al confluencia de la avenida S\u00edmbolos Patrios con la avenida Universidad, jurisdicci\u00f3n de Santa Cruz Xoxocotl\u00e1n y colindancia con la ciudad de Oaxaca, un taxi colectivo de San Pablo Huixtepec choc\u00f3 con un tr\u00e1iler.<\/p>\n\n\n\n<p>El saldo fue de una persona fallecida, el chofer de la unidad de servicio p\u00fablico, identificado como Marcos H., de 46 a\u00f1os de edad; resultaron lesionadas Nicole C. A., de 18 a\u00f1os; Amairani C. S.; Isabela T. G., y Ariadna M. R., de 30 a\u00f1os<\/p>\n\n\n\n<p>Mientras que la ma\u00f1ana del s\u00e1bado en la carretera Oaxaca-M\u00e9xico, jurisdicci\u00f3n de la agencia de Santa Rosa Panzacola, ocurri\u00f3 otro percance fatal.<\/p>\n\n\n\n<p>El conductor de un veh\u00edculo marca BMW, que presuntamente conduc\u00eda Carlos Alberto I. G., en estado de ebriedad, al parecer rebas\u00f3 por la derecha y se subi\u00f3 a la banqueta, donde arroll\u00f3 y dio muerte a dos mujeres, identificadas como Felipa Marl\u00e9n M. C., de 40 a\u00f1os de edad, y Brenda Zuriana M. C.<\/p>\n\n\n\n<p>Al respecto, la Fiscal\u00eda General del Estado inform\u00f3 que investiga los hechos y que realiza las indagatorias de manera expedita.<\/p>\n\n\n\n<p>\u201cAnte los hechos, elementos de la Agencia Estatal de Investigaciones detuvieron a una persona identificada como C. A. I. G., quien permanece en los separos de la FGEO, mientras transcurren las 48 horas que establece la ley.<\/p>\n\n\n\n<p>\u201cAdem\u00e1s, que a las indagatorias se suman los resultados de los estudios periciales que contribuyen a establecer con certeza cient\u00edfica la manera en que sucedieron los hechos, a partir de lo cual se deslindan las responsabilidades correspondientes\u201d, indic\u00f3.<\/p>\n\n\n\n<p>Tambi\u00e9n el s\u00e1bado pero en el municipio de Salina Cruz, en la colonia Deportiva Sur un motociclista choc\u00f3 contra un cami\u00f3n de pasajeros; el joven identificado como David M., de 24 a\u00f1os de edad, perdi\u00f3 la vida posteriormente en un hospital, cuando recib\u00eda atenci\u00f3n m\u00e9dica.<\/p>\n\n\n\n<p>Mientras que en jurisdicci\u00f3n de Santa Mar\u00eda Huatulco, ese mismo d\u00eda otro motociclista perdi\u00f3 la vida a causa de un accidente vehicular.<\/p>\n","protected":false},"excerpt":{"rendered":"<p>Raymundo Morales\/Zona Roja. Oaxaca de Ju\u00e1rez, Oax., a 21 de mayo de 2024.- Desde el&hellip;<\/p>\n","protected":false},"author":2,"featured_media":68583,"comment_status":"closed","ping_status":"open","sticky":false,"template":"","format":"standard","meta":{"_lmt_disableupdate":"","_lmt_disable":"","_jetpack_memberships_contains_paid_content":false,"footnotes":""},"categories":[109,47],"tags":[3416],"class_list":["post-68582","post","type-post","status-publish","format-standard","has-post-thumbnail","hentry","category-minuto-a-minuto","category-zona-gris","tag-accidentes-carreteros-oaxaca"],"jetpack_featured_media_url":"https:\/\/zonaroja.com.mx\/wp-content\/uploads\/2024\/05\/Accidente-taxi-Huixtepec.jpg","jetpack_sharing_enabled":true,"_links":{"self":[{"href":"https:\/\/zonaroja.com.mx\/index.php?rest_route=\/wp\/v2\/posts\/68582","targetHints":{"allow":["GET"]}}],"collection":[{"href":"https:\/\/zonaroja.com.mx\/index.php?rest_route=\/wp\/v2\/posts"}],"about":[{"href":"https:\/\/zonaroja.com.mx\/index.php?rest_route=\/wp\/v2\/types\/post"}],"author":[{"embeddable":true,"href":"https:\/\/zonaroja.com.mx\/index.php?rest_route=\/wp\/v2\/users\/2"}],"replies":[{"embeddable":true,"href":"https:\/\/zonaroja.com.mx\/index.php?rest_route=%2Fwp%2Fv2%2Fcomments&post=68582"}],"version-history":[{"count":1,"href":"https:\/\/zonaroja.com.mx\/index.php?rest_route=\/wp\/v2\/posts\/68582\/revisions"}],"predecessor-version":[{"id":68584,"href":"https:\/\/zonaroja.com.mx\/index.php?rest_route=\/wp\/v2\/posts\/68582\/revisions\/68584"}],"wp:featuredmedia":[{"embeddable":true,"href":"https:\/\/zonaroja.com.mx\/index.php?rest_route=\/wp\/v2\/media\/68583"}],"wp:attachment":[{"href":"https:\/\/zonaroja.com.mx\/index.php?rest_route=%2Fwp%2Fv2%2Fmedia&parent=68582"}],"wp:term":[{"taxonomy":"category","embeddable":true,"href":"https:\/\/zonaroja.com.mx\/index.php?rest_route=%2Fwp%2Fv2%2Fcategories&post=68582"},{"taxonomy":"post_tag","embeddable":true,"href":"https:\/\/zonaroja.com.mx\/index.php?rest_route=%2Fwp%2Fv2%2Ftags&post=68582"}],"curies":[{"name":"wp","href":"https:\/\/api.w.org\/{rel}","templated":true}]}}