{"id":68585,"date":"2024-05-21T11:07:00","date_gmt":"2024-05-21T17:07:00","guid":{"rendered":"https:\/\/zonaroja.com.mx\/?p=68585"},"modified":"2024-05-21T08:08:15","modified_gmt":"2024-05-21T14:08:15","slug":"un-mes-despues-liberan-a-presidenta-municipal-en-chiapas","status":"publish","type":"post","link":"https:\/\/zonaroja.com.mx\/?p=68585","title":{"rendered":"Un mes despu\u00e9s, liberan a presidenta municipal en Chiapas"},"content":{"rendered":"\n<p>Redacci\u00f3n\/Zona Roja Cdmx.<\/p>\n\n\n\n<p>Ciudad de M\u00e9xico, a 21 de mayo de 2024.- Mar\u00eda Garc\u00eda L\u00f3pez, presidenta concejal de Altamirano, Chiapas, fue liberada junto a otras seis personas, tras casi un mes retenidos.<\/p>\n\n\n\n<p>A finales de abril, la servidora p\u00fablica fue llevada por civiles armados en Ocosingo, a donde se hab\u00eda mudado por razones de seguridad.<\/p>\n\n\n\n<p>La Fiscal\u00eda General del Estado (FGE) de Chiapas inform\u00f3 que la liberaci\u00f3n de funcionarios ocurri\u00f3 al mediod\u00eda del lunes.<\/p>\n\n\n\n<p>Elementos policiales, de Protecci\u00f3n Civil y servidores p\u00fablicos de varias instituciones se movilizaron a la comunidad El Nance para \u201cel acto de entrega-recepci\u00f3n\u201d de las v\u00edctimas.<\/p>\n\n\n\n<p>Fueron rescatados sanos y salvos la presidenta concejal Mar\u00eda \u201cN\u201d; Fernando Gabriel \u201cN\u201d, s\u00edndico concejal; Mayra Teresa \u201cN\u201d, primera regidora; Crist\u00f3bal \u201cN\u201d, segundo regidor; \u00d3scar \u201cN\u201d, tercer regidor; Juan Manuel \u201cN\u201d, tesorero municipal y Amalio \u201cN\u201d, esposo de la concejal\u201d, detall\u00f3.<\/p>\n\n\n\n<p>Todos los liberados se encontraron ilesos e \u00edntegramente sanos. Tras su liberaci\u00f3n fueron trasladados a San Crist\u00f3bal de las Casas.<\/p>\n\n\n\n<p>Altamirano atraviesa una crisis de violencia derivada de la rivalidad existente con grupos disidentes.<\/p>\n\n\n\n<p>(Con informaci\u00f3n de L\u00f3pez-D\u00f3riga Digital)<\/p>\n","protected":false},"excerpt":{"rendered":"<p>Redacci\u00f3n\/Zona Roja Cdmx. Ciudad de M\u00e9xico, a 21 de mayo de 2024.- Mar\u00eda Garc\u00eda L\u00f3pez,&hellip;<\/p>\n","protected":false},"author":2,"featured_media":68586,"comment_status":"closed","ping_status":"open","sticky":false,"template":"","format":"standard","meta":{"_lmt_disableupdate":"","_lmt_disable":"","_jetpack_memberships_contains_paid_content":false,"footnotes":""},"categories":[109,47],"tags":[],"class_list":["post-68585","post","type-post","status-publish","format-standard","has-post-thumbnail","hentry","category-minuto-a-minuto","category-zona-gris"],"jetpack_featured_media_url":"https:\/\/zonaroja.com.mx\/wp-content\/uploads\/2024\/05\/Maria-Garcia-Altamirano-Chiapas.jpg.webp","jetpack_sharing_enabled":true,"_links":{"self":[{"href":"https:\/\/zonaroja.com.mx\/index.php?rest_route=\/wp\/v2\/posts\/68585","targetHints":{"allow":["GET"]}}],"collection":[{"href":"https:\/\/zonaroja.com.mx\/index.php?rest_route=\/wp\/v2\/posts"}],"about":[{"href":"https:\/\/zonaroja.com.mx\/index.php?rest_route=\/wp\/v2\/types\/post"}],"author":[{"embeddable":true,"href":"https:\/\/zonaroja.com.mx\/index.php?rest_route=\/wp\/v2\/users\/2"}],"replies":[{"embeddable":true,"href":"https:\/\/zonaroja.com.mx\/index.php?rest_route=%2Fwp%2Fv2%2Fcomments&post=68585"}],"version-history":[{"count":1,"href":"https:\/\/zonaroja.com.mx\/index.php?rest_route=\/wp\/v2\/posts\/68585\/revisions"}],"predecessor-version":[{"id":68587,"href":"https:\/\/zonaroja.com.mx\/index.php?rest_route=\/wp\/v2\/posts\/68585\/revisions\/68587"}],"wp:featuredmedia":[{"embeddable":true,"href":"https:\/\/zonaroja.com.mx\/index.php?rest_route=\/wp\/v2\/media\/68586"}],"wp:attachment":[{"href":"https:\/\/zonaroja.com.mx\/index.php?rest_route=%2Fwp%2Fv2%2Fmedia&parent=68585"}],"wp:term":[{"taxonomy":"category","embeddable":true,"href":"https:\/\/zonaroja.com.mx\/index.php?rest_route=%2Fwp%2Fv2%2Fcategories&post=68585"},{"taxonomy":"post_tag","embeddable":true,"href":"https:\/\/zonaroja.com.mx\/index.php?rest_route=%2Fwp%2Fv2%2Ftags&post=68585"}],"curies":[{"name":"wp","href":"https:\/\/api.w.org\/{rel}","templated":true}]}}