{"id":68589,"date":"2024-05-21T16:08:27","date_gmt":"2024-05-21T22:08:27","guid":{"rendered":"https:\/\/zonaroja.com.mx\/?p=68589"},"modified":"2024-05-21T16:08:30","modified_gmt":"2024-05-21T22:08:30","slug":"logra-fiscalia-vincular-a-proceso-a-cuatro-asaltantes-que-robaron-3-5-mdp","status":"publish","type":"post","link":"https:\/\/zonaroja.com.mx\/?p=68589","title":{"rendered":"Logra Fiscal\u00eda vincular a proceso a cuatro asaltantes que robaron 3.5 mdp"},"content":{"rendered":"\n<p>Redacci\u00f3n\/Zona Roja.<\/p>\n\n\n\n<p>Oaxaca de Ju\u00e1rez, Oax. 21 de mayo de 2024.- &nbsp;La Fiscal\u00eda General del Estado de Oaxaca (FGEO) obtuvo auto de Vinculaci\u00f3n a Proceso en contra de cuatro personas del sexo masculino identificadas como J.C.A.H., J.C.M.R., C.L.V. e I.L.V., por el delito de Robo Calificado con Violencia Moral a las Personas en perjuicio de la Sociedad Cooperativa de Ahorro y Pr\u00e9stamo de Responsabilidad Limitada de Capital Variable, hechos en los que se llevaron m\u00e1s de tres millones y medio de pesos, ocurridos en la regi\u00f3n de la Costa.<\/p>\n\n\n\n<p>De acuerdo con lo establecido en el expediente penal, los hechos sucedieron el 13 de mayo de 2024, en la poblaci\u00f3n de la Muralla, Santiago Ixtayutla, perteneciente al Distrito de Jamiltepec, en donde un grupo de personas ingres\u00f3 a las oficinas de la Caja Cafetalera La Muralla, Sociedad Cooperativa de Ahorro y Pr\u00e9stamo, ubicada en el primer piso del palacio municipal de dicha poblaci\u00f3n para despojar a los trabajadores de dinero en efectivo, as\u00ed como de equipos de telefon\u00eda celular.<\/p>\n\n\n\n<p>Ante el reporte, elementos de la polic\u00eda municipal de San Lorenzo, lograron la detenci\u00f3n de J.C.A.H., J.C.M.R., C.L.V., e I.L.V., asegur\u00e1ndoles armas de fuego, un veh\u00edculo de motor, as\u00ed como diversas maletas, entre ellas, dos que conten\u00edan la cantidad aproximada de tres millones 600 mil pesos.<\/p>\n\n\n\n<p>Luego de valorar las pruebas presentadas por la FGEO, recabadas a trav\u00e9s de la Vicefiscal\u00eda Regional de la Costa, el Juez determin\u00f3 vincular a proceso a los imputados e impuso la medida cautelar de prisi\u00f3n preventiva por el delito de Robo Calificado con Violencia Moral a las Personas, concediendo el plazo de tres meses para el cierre de investigaci\u00f3n.&nbsp;<\/p>\n\n\n\n<p>En delitos de alto impacto, la Fiscal\u00eda General de Oaxaca realiza investigaciones exhaustivas para dar con quien o quienes resulten responsables, present\u00e1ndolos ante la justicia y aplicando todo el rigor de la ley.<\/p>\n","protected":false},"excerpt":{"rendered":"<p>Redacci\u00f3n\/Zona Roja. Oaxaca de Ju\u00e1rez, Oax. 21 de mayo de 2024.- &nbsp;La Fiscal\u00eda General del&hellip;<\/p>\n","protected":false},"author":2,"featured_media":68590,"comment_status":"closed","ping_status":"open","sticky":false,"template":"","format":"standard","meta":{"_lmt_disableupdate":"","_lmt_disable":"","_jetpack_memberships_contains_paid_content":false,"footnotes":""},"categories":[109,46],"tags":[494],"class_list":["post-68589","post","type-post","status-publish","format-standard","has-post-thumbnail","hentry","category-minuto-a-minuto","category-zona-blanca","tag-fiscalia-general-del-estado-de-oaxaca"],"jetpack_featured_media_url":"https:\/\/zonaroja.com.mx\/wp-content\/uploads\/2024\/05\/Asaltantes-detenidos-La-Muralla-fiscalia.jpg","jetpack_sharing_enabled":true,"_links":{"self":[{"href":"https:\/\/zonaroja.com.mx\/index.php?rest_route=\/wp\/v2\/posts\/68589","targetHints":{"allow":["GET"]}}],"collection":[{"href":"https:\/\/zonaroja.com.mx\/index.php?rest_route=\/wp\/v2\/posts"}],"about":[{"href":"https:\/\/zonaroja.com.mx\/index.php?rest_route=\/wp\/v2\/types\/post"}],"author":[{"embeddable":true,"href":"https:\/\/zonaroja.com.mx\/index.php?rest_route=\/wp\/v2\/users\/2"}],"replies":[{"embeddable":true,"href":"https:\/\/zonaroja.com.mx\/index.php?rest_route=%2Fwp%2Fv2%2Fcomments&post=68589"}],"version-history":[{"count":1,"href":"https:\/\/zonaroja.com.mx\/index.php?rest_route=\/wp\/v2\/posts\/68589\/revisions"}],"predecessor-version":[{"id":68591,"href":"https:\/\/zonaroja.com.mx\/index.php?rest_route=\/wp\/v2\/posts\/68589\/revisions\/68591"}],"wp:featuredmedia":[{"embeddable":true,"href":"https:\/\/zonaroja.com.mx\/index.php?rest_route=\/wp\/v2\/media\/68590"}],"wp:attachment":[{"href":"https:\/\/zonaroja.com.mx\/index.php?rest_route=%2Fwp%2Fv2%2Fmedia&parent=68589"}],"wp:term":[{"taxonomy":"category","embeddable":true,"href":"https:\/\/zonaroja.com.mx\/index.php?rest_route=%2Fwp%2Fv2%2Fcategories&post=68589"},{"taxonomy":"post_tag","embeddable":true,"href":"https:\/\/zonaroja.com.mx\/index.php?rest_route=%2Fwp%2Fv2%2Ftags&post=68589"}],"curies":[{"name":"wp","href":"https:\/\/api.w.org\/{rel}","templated":true}]}}