{"id":6859,"date":"2019-12-21T21:15:59","date_gmt":"2019-12-22T03:15:59","guid":{"rendered":"http:\/\/www.zonaroja.com.mx\/?p=6859"},"modified":"2019-12-21T21:16:16","modified_gmt":"2019-12-22T03:16:16","slug":"califican-con-6-la-seguridad-en-oaxaca-hasta-empresarios-han-sido-victimas","status":"publish","type":"post","link":"https:\/\/zonaroja.com.mx\/?p=6859","title":{"rendered":"Califican con 6 la seguridad en Oaxaca; hasta empresarios han sido v\u00edctimas"},"content":{"rendered":"\n<p>Ismael\nGarc\u00eda M.<\/p>\n\n\n\n<p>Oaxaca de\nJu\u00e1rez, Oax., 21 de diciembre de 2019.- En Oaxaca, hasta el presidente del Observatorio\nOaxaque\u00f1o del Delito ha sido v\u00edctima de delitos en el Centro Hist\u00f3rico de la\ncapital.<\/p>\n\n\n\n<p>Este\ns\u00e1bado, el sector empresarial de Oaxaca demand\u00f3 en conferencia de prensa mayor\ncoordinaci\u00f3n de los tres niveles de gobierno para garantizar la seguridad de la\npoblaci\u00f3n, ante la creciente ola de violencia y homicidios en toda la entidad.<\/p>\n\n\n\n<p>En forma persona, mi equipo de trabajo y yo hemos sido v\u00edctimas de dicha criminalidad; debo se\u00f1alar que un caso que me ata\u00f1e directamente: el artero y cruel asesinato del arquitecto Ezequiel Ruiz Carmona\u201d, narr\u00f3 el presidente de la C\u00e1mara Nacional de Comercio-Servicios y Turismo, Ernesto Jim\u00e9nez Guti\u00e9rrez.<\/p>\n\n\n\n<figure class=\"wp-block-embed-twitter wp-block-embed is-type-rich is-provider-twitter\"><div class=\"wp-block-embed__wrapper\">\n<div class=\"twitter-tweet\"><blockquote class=\"twitter-tweet\" data-lang=\"es\"><p lang=\"es\" dir=\"ltr\"><a href=\"https:\/\/twitter.com\/hashtag\/OaxacaRojo?src=hash&amp;ref_src=twsrc%5Etfw\">#OaxacaRojo<\/a><br>(1) En conferencia de prensa, drigentes de al menos 10 c\u00e1maras empresariales de Oaxaca dieron hoy un posicionamiento ante la grave y creciente ola de inseguridad en el estado de Oaxaca. <a href=\"https:\/\/t.co\/AkzqX5Idww\">pic.twitter.com\/AkzqX5Idww<\/a><\/p>&mdash; Zona Roja Oaxaca (@MexRoja) <a href=\"https:\/\/twitter.com\/MexRoja\/status\/1208462970780450816?ref_src=twsrc%5Etfw\">21 de diciembre de 2019<\/a><\/blockquote><\/div>\n<\/div><\/figure>\n\n\n\n<p>Fue el 3\nde diciembre, cuando se realizaba una diligencia en un inmueble de la calle 5\nde Mayo de la capital, en que presuntos \u201cporros\u201d llegaron a agredir a su\npersonal, lo que deriv\u00f3 en el homicidio; apenas el pasado jueves nuevamente se\ndesataron hechos violentos en la zona.<\/p>\n\n\n\n<p>Por ello,\ndemand\u00f3 a nombre de al menos 10 c\u00e1maras empresariales, que las autoridades\nestatales garanticen la seguridad necesaria para el desarrollo de sus\nactividades y para la tranquilidad de la sociedad.<\/p>\n\n\n\n<p>Por otra\nparte, a pregunta expresa, el dirigente de la C\u00e1mara Nacional de Comercio en\nPeque\u00f1o, Salvador L\u00f3pez, indic\u00f3 que daba un seis de calificaci\u00f3n a las\nautoridades estatales en materia de seguridad, debido a los deficientes\nresultados.<\/p>\n\n\n\n<p>A su vez, el l\u00edder de la Canacintra, Manuel Guzm\u00e1n Gardeaz\u00e1bal expuso que la seguridad es un reclamo generalizado, no solamente de los empresarios, sino de toda la sociedad.<\/p>\n\n\n\n<figure class=\"wp-block-embed-twitter wp-block-embed is-type-rich is-provider-twitter\"><div class=\"wp-block-embed__wrapper\">\n<div class=\"twitter-tweet\"><blockquote class=\"twitter-tweet\" data-lang=\"es\"><p lang=\"es\" dir=\"ltr\"><a href=\"https:\/\/twitter.com\/hashtag\/OaxacaRojo?src=hash&amp;ref_src=twsrc%5Etfw\">#OaxacaRojo<\/a><br>(2) Hasta el propio presidente de la Canaco, Ernesto Guti\u00e9rrez, quien es tambi\u00e9n presidente del Observatorio Ciudadano del Delito, ha sido v\u00ecctima de delitos de alto impacto. As\u00ed lo narr\u00f3 hoy en conferencia de prensa. <a href=\"https:\/\/t.co\/TcqNYAAZOb\">pic.twitter.com\/TcqNYAAZOb<\/a><\/p>&mdash; Zona Roja Oaxaca (@MexRoja) <a href=\"https:\/\/twitter.com\/MexRoja\/status\/1208466772027830272?ref_src=twsrc%5Etfw\">21 de diciembre de 2019<\/a><\/blockquote><\/div>\n<\/div><\/figure>\n\n\n\n<p>\u201cEstamos\nconscientes de que las autoridades no van a poner detr\u00e1s de cada ciudadano un\npolic\u00eda, pero s\u00ed necesitamos que podamos disminuir los delitos. La inseguridad\nno es nueva, mi familia desde los tiempos de la guerrilla la ha padecido, por\neso seguimos una serie de reglas\u201d, dijo.<\/p>\n\n\n\n<p>Por su\nparte, Ernesto Guti\u00e9rrez, tambi\u00e9n presidente del Observatorio Oaxaque\u00f1o del\nDelito, remarc\u00f3:<\/p>\n\n\n\n<p>\u201cEn esta\n\u00e9poca decembrina, en vez de colocar en la fachada algunas luces y adornos\nalusivos a la Navidad, como deber\u00eda ser, hemos tenido que colocar c\u00e1maras de\nvigilancia, puertas de seguridad y cercas electrificadas\u201d.<\/p>\n","protected":false},"excerpt":{"rendered":"<p>Ismael Garc\u00eda M. Oaxaca de Ju\u00e1rez, Oax., 21 de diciembre de 2019.- En Oaxaca, hasta&hellip;<\/p>\n","protected":false},"author":2,"featured_media":6860,"comment_status":"closed","ping_status":"open","sticky":false,"template":"","format":"standard","meta":{"_lmt_disableupdate":"","_lmt_disable":"","_jetpack_memberships_contains_paid_content":false,"footnotes":""},"categories":[109,51],"tags":[1163],"class_list":["post-6859","post","type-post","status-publish","format-standard","has-post-thumbnail","hentry","category-minuto-a-minuto","category-zona-roja","tag-canaco-servytur-oaxaca"],"jetpack_featured_media_url":"https:\/\/zonaroja.com.mx\/wp-content\/uploads\/2019\/12\/Conferencia-empresarios-Oaxaca.jpg","jetpack_sharing_enabled":true,"_links":{"self":[{"href":"https:\/\/zonaroja.com.mx\/index.php?rest_route=\/wp\/v2\/posts\/6859","targetHints":{"allow":["GET"]}}],"collection":[{"href":"https:\/\/zonaroja.com.mx\/index.php?rest_route=\/wp\/v2\/posts"}],"about":[{"href":"https:\/\/zonaroja.com.mx\/index.php?rest_route=\/wp\/v2\/types\/post"}],"author":[{"embeddable":true,"href":"https:\/\/zonaroja.com.mx\/index.php?rest_route=\/wp\/v2\/users\/2"}],"replies":[{"embeddable":true,"href":"https:\/\/zonaroja.com.mx\/index.php?rest_route=%2Fwp%2Fv2%2Fcomments&post=6859"}],"version-history":[{"count":1,"href":"https:\/\/zonaroja.com.mx\/index.php?rest_route=\/wp\/v2\/posts\/6859\/revisions"}],"predecessor-version":[{"id":6861,"href":"https:\/\/zonaroja.com.mx\/index.php?rest_route=\/wp\/v2\/posts\/6859\/revisions\/6861"}],"wp:featuredmedia":[{"embeddable":true,"href":"https:\/\/zonaroja.com.mx\/index.php?rest_route=\/wp\/v2\/media\/6860"}],"wp:attachment":[{"href":"https:\/\/zonaroja.com.mx\/index.php?rest_route=%2Fwp%2Fv2%2Fmedia&parent=6859"}],"wp:term":[{"taxonomy":"category","embeddable":true,"href":"https:\/\/zonaroja.com.mx\/index.php?rest_route=%2Fwp%2Fv2%2Fcategories&post=6859"},{"taxonomy":"post_tag","embeddable":true,"href":"https:\/\/zonaroja.com.mx\/index.php?rest_route=%2Fwp%2Fv2%2Ftags&post=6859"}],"curies":[{"name":"wp","href":"https:\/\/api.w.org\/{rel}","templated":true}]}}