{"id":68595,"date":"2024-05-21T17:46:14","date_gmt":"2024-05-21T23:46:14","guid":{"rendered":"https:\/\/zonaroja.com.mx\/?p=68595"},"modified":"2024-05-21T17:46:16","modified_gmt":"2024-05-21T23:46:16","slug":"instala-gobierno-de-oaxaca-sesion-permanente-ante-temporada-de-lluvias","status":"publish","type":"post","link":"https:\/\/zonaroja.com.mx\/?p=68595","title":{"rendered":"Instala gobierno de Oaxaca sesi\u00f3n permanente ante temporada de lluvias"},"content":{"rendered":"\n<p>Redacci\u00f3n\/Zona Roja.<\/p>\n\n\n\n<p>Oaxaca de Ju\u00e1rez, Oax., a 21 de mayo de 2024.- El Gobierno del Estado instal\u00f3 a trav\u00e9s del Consejo Estatal de Protecci\u00f3n Civil y Gesti\u00f3n de Riesgos (CEPCyGR) la Sesi\u00f3n Permanente por Temporada de Lluvias y Ciclones Tropicales en la entidad.<\/p>\n\n\n\n<p>Durante la sesi\u00f3n de este organismo, el Gobernador de Oaxaca Salom\u00f3n Jara Cruz afirm\u00f3 que se trata de un hecho de alta relevancia, que permitir\u00e1 activar la prevenci\u00f3n en todas las comunidades de la entidad.<\/p>\n\n\n\n<p>Ante la probable generaci\u00f3n de potenciales afectaciones a las poblaciones, infraestructuras y la econom\u00eda de la entidad, consider\u00f3 de vital importancia la tarea de este Consejo, que permitir\u00e1 tener una actividad permanente de prevenci\u00f3n, acci\u00f3n y atenci\u00f3n ante cualquier contingencia, as\u00ed como responder de manera oportuna en la salvaguarda de la vida y el patrimonio de los y las oaxaque\u00f1as.<\/p>\n\n\n\n<p>Las acciones coordinadas en el marco de esta sesi\u00f3n optimizar\u00e1n esfuerzos antes, durante y despu\u00e9s de cualquier evento o fen\u00f3meno climatol\u00f3gico.<\/p>\n\n\n\n<p>Con el establecimiento de esta Sesi\u00f3n Permanente, y con los diagn\u00f3sticos realizados, el Estado tendr\u00e1 la posibilidad de hacer los ajustes necesarios a las estrategias de prevenci\u00f3n y gesti\u00f3n de riesgos en las ocho regiones de Oaxaca. En esta participan instancias municipales, estatales, federales y el Poder Legislativo local.<\/p>\n\n\n\n<p>Lo anterior cumple con lo establecido en el art\u00edculo 31 de la Ley de Protecci\u00f3n Civil y Gesti\u00f3n Integral de Riesgos de Oaxaca, que indica que esta Sesi\u00f3n debe instalarse al inicio de cada temporada de lluvias y ciclones.<\/p>\n\n\n\n<p>En este encuentro la Comisi\u00f3n Nacional del Agua (Conagua) present\u00f3 el pron\u00f3stico para esta temporada de lluvias y ciclones, y el probable impacto que tendr\u00e1 hacia la geograf\u00eda estatal.<\/p>\n\n\n\n<p>Asimismo, la Coordinaci\u00f3n Estatal de Protecci\u00f3n Civil y Gesti\u00f3n de Riesgos detall\u00f3 los trabajos de manera conjunta con los municipios, destacando la instalaci\u00f3n de 280 Comit\u00e9s Municipales de Protecci\u00f3n Civil.<\/p>\n\n\n\n<p>Tambi\u00e9n, resalt\u00f3 las actividades conjuntas con la Coordinaci\u00f3n de Comunicaci\u00f3n Social, mediante la emisi\u00f3n de boletines de alertamiento a la poblaci\u00f3n, as\u00ed como la aportaci\u00f3n de insumos con el Sistema para el Desarrollo Integral de la Familia (DIF).<\/p>\n\n\n\n<p>De la misma manera, que se entablaron acciones preventivas, durante y despu\u00e9s con Servicios de Salud de Oaxaca (SSO), Secretar\u00eda de Infraestructuras y Comunicaciones, Caminos Bienestar (Cabien), Comisi\u00f3n Estatal del Agua para el Bienestar (Ceabien), el Sistema Operador de Agua Potable y Alcantarillado (Soapa), la Secretar\u00eda de Defensa Nacional (Sedena), Secretar\u00eda de Marina (Semar), la Guardia Nacional, la Secretar\u00eda de Comunicaciones&nbsp; Infraestructuras y Transporte (SICT), la Comisi\u00f3n Nacional Forestal (Conafor), la Comisi\u00f3n Federal de Electricidad (CFE) entre otras dependencias.<\/p>\n\n\n\n<p>Al recesar la Sesi\u00f3n, el Mandatario oaxaque\u00f1o solicit\u00f3 a las dependencias del Gabinete Legal y Ampliado integrantes del Consejo, brindar auxilio a la poblaci\u00f3n, no dejar solas a las comunidades de Oaxaca y estar listas para atender de manera emergente, como ya se ha hecho en recientes acontecimientos.<\/p>\n\n\n\n<p>Es importante crear nuevos y mejores esquemas de prevenci\u00f3n, acci\u00f3n y atenci\u00f3n para proteger a la sociedad, pues es la tarea primordial para esta administraci\u00f3n. Las comunidades deben estar preparadas y como Gobierno, se debe tener la capacidad de reacci\u00f3n ante esta temporada, finaliz\u00f3.<\/p>\n","protected":false},"excerpt":{"rendered":"<p>Redacci\u00f3n\/Zona Roja. Oaxaca de Ju\u00e1rez, Oax., a 21 de mayo de 2024.- El Gobierno del&hellip;<\/p>\n","protected":false},"author":2,"featured_media":68596,"comment_status":"closed","ping_status":"open","sticky":false,"template":"","format":"standard","meta":{"_lmt_disableupdate":"","_lmt_disable":"","_jetpack_memberships_contains_paid_content":false,"footnotes":""},"categories":[109,46],"tags":[939],"class_list":["post-68595","post","type-post","status-publish","format-standard","has-post-thumbnail","hentry","category-minuto-a-minuto","category-zona-blanca","tag-salomon-jara-cruz"],"jetpack_featured_media_url":"https:\/\/zonaroja.com.mx\/wp-content\/uploads\/2024\/05\/FOTO-1-Gobierno-de-Oaxaca-listo-para-enfrentar-temporada-de-lluvias-y-ciclones.jpeg","jetpack_sharing_enabled":true,"_links":{"self":[{"href":"https:\/\/zonaroja.com.mx\/index.php?rest_route=\/wp\/v2\/posts\/68595","targetHints":{"allow":["GET"]}}],"collection":[{"href":"https:\/\/zonaroja.com.mx\/index.php?rest_route=\/wp\/v2\/posts"}],"about":[{"href":"https:\/\/zonaroja.com.mx\/index.php?rest_route=\/wp\/v2\/types\/post"}],"author":[{"embeddable":true,"href":"https:\/\/zonaroja.com.mx\/index.php?rest_route=\/wp\/v2\/users\/2"}],"replies":[{"embeddable":true,"href":"https:\/\/zonaroja.com.mx\/index.php?rest_route=%2Fwp%2Fv2%2Fcomments&post=68595"}],"version-history":[{"count":1,"href":"https:\/\/zonaroja.com.mx\/index.php?rest_route=\/wp\/v2\/posts\/68595\/revisions"}],"predecessor-version":[{"id":68597,"href":"https:\/\/zonaroja.com.mx\/index.php?rest_route=\/wp\/v2\/posts\/68595\/revisions\/68597"}],"wp:featuredmedia":[{"embeddable":true,"href":"https:\/\/zonaroja.com.mx\/index.php?rest_route=\/wp\/v2\/media\/68596"}],"wp:attachment":[{"href":"https:\/\/zonaroja.com.mx\/index.php?rest_route=%2Fwp%2Fv2%2Fmedia&parent=68595"}],"wp:term":[{"taxonomy":"category","embeddable":true,"href":"https:\/\/zonaroja.com.mx\/index.php?rest_route=%2Fwp%2Fv2%2Fcategories&post=68595"},{"taxonomy":"post_tag","embeddable":true,"href":"https:\/\/zonaroja.com.mx\/index.php?rest_route=%2Fwp%2Fv2%2Ftags&post=68595"}],"curies":[{"name":"wp","href":"https:\/\/api.w.org\/{rel}","templated":true}]}}