{"id":68601,"date":"2024-05-21T21:50:26","date_gmt":"2024-05-22T03:50:26","guid":{"rendered":"https:\/\/zonaroja.com.mx\/?p=68601"},"modified":"2024-05-21T21:50:28","modified_gmt":"2024-05-22T03:50:28","slug":"denuncian-malos-manejos-en-el-programa-mi-primera-chamba","status":"publish","type":"post","link":"https:\/\/zonaroja.com.mx\/?p=68601","title":{"rendered":"Denuncian malos manejos en el programa \u201cMi primera chamba\u201d"},"content":{"rendered":"\n<p>Raymundo Morales\/Zona Roja.<\/p>\n\n\n\n<p>Oaxaca de Ju\u00e1rez, Oax., a 21 de mayo de 2024.- Cientos de j\u00f3venes han denunciado un probable fraude con el programa \u201cMi primera chamba\u201d del gobierno de Oaxaca, bajo la responsabilidad de Diego Mois\u00e9s P\u00e9rez de la Cruz.<\/p>\n\n\n\n<p>De acuerdo con documentos y quejas que se han difundido a trav\u00e9s de las redes sociales, este programa ha sido un sinf\u00edn de errores, desaciertos, desorganizaci\u00f3n, prepotencia y probable corrupci\u00f3n del ex subsecretario de la Secretar\u00eda de Gobierno.<\/p>\n\n\n\n<p>Fue el 26 de febrero pasado a trav\u00e9s de la cuenta oficial del Instituto para el Desarrollo del Oaxaca en que&nbsp;declar\u00f3 que se ten\u00edan 80 mil j\u00f3venes registrados con usuarios y contrase\u00f1as.<\/p>\n\n\n\n<p>Sin embargo, a dos meses del lanzamiento del programa, no m\u00e1s de 600 beneficiarios han sido colocados en empresas e instituciones de gobierno, sin dejar pasar la infinidad de quejas de j\u00f3venes que siguen asistiendo a sus centros de trabajo y a\u00fan no se les ha pagado.<\/p>\n\n\n\n<p>Los j\u00f3venes relatan la mala experiencia que han tenido con innumerables malos tratos de servidores p\u00fablicos que los culpan por negligencias, desinformaci\u00f3n del programa, por la falta de claridad y opacidad en el conocimiento de las reglas de operaci\u00f3n.<\/p>\n\n\n\n<p>\u201c\u00bfQue no hay m\u00e1s funcionarios que puedan cumplir con esta important\u00edsima encomienda del gobierno de Salom\u00f3n Jara?\u201d, acusan, al se\u00f1alar que con reporte de fecha 17 de abril de 2024, Diego Mois\u00e9s P\u00e9rez de la Cruz sigue adscrito a la Subsecretar\u00eda de Desarrollo Pol\u00edtico con nivel 23A.<\/p>\n\n\n\n<p>No obstante, en diferentes fechas como las del 22 de febrero a trav\u00e9s de la cuenta del Gobierno del Estado de Oaxaca, y 26 de febrero, 19 de marzo, 22 de marzo y 3 de abril, la cuenta oficial del Instituto para el Desarrollo de Oaxaca public\u00f3 actividades De Diego Mois\u00e9s P\u00e9rez de la Cruz como titular de dicho Instituto.<\/p>\n\n\n\n<p>As\u00ed mismo, a trav\u00e9s de un documento de fecha 7 de febrero de 2024 y m\u00e1s documentos oficiales del Instituto para el Desarrollo de Oaxaca, firma Ira\u00eds Parada Garrido como directora General del Instituto para el Desarrollo del Estado de Oaxaca, secretaria particular de P\u00e9rez de la Cruz.<\/p>\n\n\n\n<p>Exponen que otra evidencia del deplorable manejo del programa que deja una sospecha cre\u00edble que el verdadero objetivo no son los j\u00f3venes de Oaxaca, es el hecho que el d\u00eda 1 de abril de 2024 en el Peri\u00f3dico Oficial del Estado fue publicado el acuerdo por el cual a partir del 15 de marzo mediante decreto del titular del Poder Ejecutivo se extingui\u00f3 el Instituto para el Desarrollo del Estado de Oaxaca.<\/p>\n\n\n\n<p>El mismo ejemplar menciona que el 31 de diciembre se expidieron las Reglas de Operaci\u00f3n del Programa \u201c Mi primer Empleo , Experiencia que Transforma\u201d las cuales nunca fueron convocadas ni compartidas en la plataforma oficial del programa.<\/p>\n\n\n\n<p>Adem\u00e1s de acuerdo con las reglas de operaci\u00f3n vigentes de dicho programa, se menciona que ahora es operado por la Direcci\u00f3n de Diagn\u00f3stico y Programaci\u00f3n estrat\u00e9gica de la Secretar\u00eda de Bienestar, Tequio e Inclusi\u00f3n, que tiene como titular a Amaury Velasco Mart\u00ednez.<\/p>\n\n\n\n<p>Por ello, los j\u00f3venes preguntan \u00bfpor qu\u00e9 el Instituto de Desarrollo segu\u00eda publicando actividades el 19, 22 de marzo y 3 de abril de 2024 de su titular si esa instituci\u00f3n ya se hab\u00eda extinguido?&nbsp;<\/p>\n\n\n\n<p>\u00bfPor qu\u00e9 hasta el d\u00eda 1 de abril de 2024 se hace de conocimiento que se expidieron las reglas de operaci\u00f3n del programa y estas nunca fueron publicadas en el portal oficial del programa? \u00bfPor qu\u00e9 la secretaria particular de Diego de la Cruz firma como directora General del INDEO y no aparece como titular del programa?.<\/p>\n\n\n\n<p>Por ello, piden al gobernador Salom\u00f3n Jara Cruz su intervenci\u00f3n y se aclare la situaci\u00f3n y las acciones del programa, los beneficios pero sobre todo que ponga al frente a una persona con experiencia, honorable e interesada en el desarrollo de Oaxaca.<\/p>\n","protected":false},"excerpt":{"rendered":"<p>Raymundo Morales\/Zona Roja. Oaxaca de Ju\u00e1rez, Oax., a 21 de mayo de 2024.- Cientos de&hellip;<\/p>\n","protected":false},"author":2,"featured_media":68602,"comment_status":"closed","ping_status":"open","sticky":false,"template":"","format":"standard","meta":{"_lmt_disableupdate":"","_lmt_disable":"","_jetpack_memberships_contains_paid_content":false,"footnotes":""},"categories":[109,47],"tags":[],"class_list":["post-68601","post","type-post","status-publish","format-standard","has-post-thumbnail","hentry","category-minuto-a-minuto","category-zona-gris"],"jetpack_featured_media_url":"https:\/\/zonaroja.com.mx\/wp-content\/uploads\/2024\/05\/Irregularidades-programa-mi-primera-chamba.jpg","jetpack_sharing_enabled":true,"_links":{"self":[{"href":"https:\/\/zonaroja.com.mx\/index.php?rest_route=\/wp\/v2\/posts\/68601","targetHints":{"allow":["GET"]}}],"collection":[{"href":"https:\/\/zonaroja.com.mx\/index.php?rest_route=\/wp\/v2\/posts"}],"about":[{"href":"https:\/\/zonaroja.com.mx\/index.php?rest_route=\/wp\/v2\/types\/post"}],"author":[{"embeddable":true,"href":"https:\/\/zonaroja.com.mx\/index.php?rest_route=\/wp\/v2\/users\/2"}],"replies":[{"embeddable":true,"href":"https:\/\/zonaroja.com.mx\/index.php?rest_route=%2Fwp%2Fv2%2Fcomments&post=68601"}],"version-history":[{"count":1,"href":"https:\/\/zonaroja.com.mx\/index.php?rest_route=\/wp\/v2\/posts\/68601\/revisions"}],"predecessor-version":[{"id":68603,"href":"https:\/\/zonaroja.com.mx\/index.php?rest_route=\/wp\/v2\/posts\/68601\/revisions\/68603"}],"wp:featuredmedia":[{"embeddable":true,"href":"https:\/\/zonaroja.com.mx\/index.php?rest_route=\/wp\/v2\/media\/68602"}],"wp:attachment":[{"href":"https:\/\/zonaroja.com.mx\/index.php?rest_route=%2Fwp%2Fv2%2Fmedia&parent=68601"}],"wp:term":[{"taxonomy":"category","embeddable":true,"href":"https:\/\/zonaroja.com.mx\/index.php?rest_route=%2Fwp%2Fv2%2Fcategories&post=68601"},{"taxonomy":"post_tag","embeddable":true,"href":"https:\/\/zonaroja.com.mx\/index.php?rest_route=%2Fwp%2Fv2%2Ftags&post=68601"}],"curies":[{"name":"wp","href":"https:\/\/api.w.org\/{rel}","templated":true}]}}